{"id":1003,"date":"2020-12-27T05:33:00","date_gmt":"2020-12-27T05:33:00","guid":{"rendered":"https:\/\/www.odiolanavidad.es\/?p=1003"},"modified":"2020-12-26T19:40:59","modified_gmt":"2020-12-26T19:40:59","slug":"la-coyuntura","status":"publish","type":"post","link":"https:\/\/www.odiolanavidad.es\/index.php\/2020\/12\/27\/la-coyuntura\/","title":{"rendered":"La coyuntura"},"content":{"rendered":"\n<div class=\"wp-block-media-text alignwide is-stacked-on-mobile\" style=\"grid-template-columns:40% auto\"><figure class=\"wp-block-media-text__media\"><img loading=\"lazy\" decoding=\"async\" width=\"742\" height=\"918\" src=\"https:\/\/www.odiolanavidad.es\/wp-content\/uploads\/2020\/12\/pesebre-mascarillas-1.jpg\" alt=\"\" class=\"wp-image-1005 size-full\" srcset=\"https:\/\/www.odiolanavidad.es\/wp-content\/uploads\/2020\/12\/pesebre-mascarillas-1.jpg 742w, https:\/\/www.odiolanavidad.es\/wp-content\/uploads\/2020\/12\/pesebre-mascarillas-1-242x300.jpg 242w\" sizes=\"auto, (max-width: 706px) 89vw, (max-width: 767px) 82vw, 740px\" \/><\/figure><div class=\"wp-block-media-text__content\">\n<p>Si algo de bueno tiene el\/la Covid es que ha servido de excusa para miles de cosas. Una de ellas, quiz\u00e1 la m\u00e1s ingenua, es el uso del elemento como decoraci\u00f3n en los escaparates navide\u00f1os. Aqu\u00ed tienen una curiosa realizaci\u00f3n de bellotas y punto (s\u00ed, como lo leen), en el que se usa la mascarilla casi hasta para el ni\u00f1o-dios-sol-invicto. Se encuentra en la avda. de Portugal de Salamanca, en una tienda de lanas, claro.<\/p>\n<\/div><\/div>\n\n\n\n<p><\/p>\n\n\n\n<figure class=\"wp-block-image size-large\"><img loading=\"lazy\" decoding=\"async\" width=\"1024\" height=\"695\" src=\"https:\/\/www.odiolanavidad.es\/wp-content\/uploads\/2020\/12\/pesebre-mascarillas-2-1024x695.jpg\" alt=\"\" class=\"wp-image-1004\" srcset=\"https:\/\/www.odiolanavidad.es\/wp-content\/uploads\/2020\/12\/pesebre-mascarillas-2-1024x695.jpg 1024w, https:\/\/www.odiolanavidad.es\/wp-content\/uploads\/2020\/12\/pesebre-mascarillas-2-300x203.jpg 300w, https:\/\/www.odiolanavidad.es\/wp-content\/uploads\/2020\/12\/pesebre-mascarillas-2-768x521.jpg 768w, https:\/\/www.odiolanavidad.es\/wp-content\/uploads\/2020\/12\/pesebre-mascarillas-2.jpg 1206w\" sizes=\"auto, (max-width: 767px) 89vw, (max-width: 1000px) 54vw, (max-width: 1071px) 543px, 580px\" \/><\/figure>\n","protected":false},"excerpt":{"rendered":"<p>Si algo de bueno tiene el\/la Covid es que ha servido de excusa para miles de cosas. Una de ellas, quiz\u00e1 la m\u00e1s ingenua, es el uso del elemento como decoraci\u00f3n en los escaparates navide\u00f1os. Aqu\u00ed tienen una curiosa realizaci\u00f3n de bellotas y punto (s\u00ed, como lo leen), en el que se usa la mascarilla &hellip; <\/p>\n<p class=\"link-more\"><a href=\"https:\/\/www.odiolanavidad.es\/index.php\/2020\/12\/27\/la-coyuntura\/\" class=\"more-link\">Continuar leyendo<span class=\"screen-reader-text\"> \u00abLa coyuntura\u00bb<\/span><\/a><\/p>\n","protected":false},"author":1,"featured_media":0,"comment_status":"open","ping_status":"open","sticky":false,"template":"","format":"standard","meta":{"footnotes":""},"categories":[11],"tags":[372,370,371,373],"class_list":["post-1003","post","type-post","status-publish","format-standard","hentry","category-2020-2021","tag-bellota","tag-coyuntura","tag-mascarilla","tag-pesebre"],"_links":{"self":[{"href":"https:\/\/www.odiolanavidad.es\/index.php\/wp-json\/wp\/v2\/posts\/1003","targetHints":{"allow":["GET"]}}],"collection":[{"href":"https:\/\/www.odiolanavidad.es\/index.php\/wp-json\/wp\/v2\/posts"}],"about":[{"href":"https:\/\/www.odiolanavidad.es\/index.php\/wp-json\/wp\/v2\/types\/post"}],"author":[{"embeddable":true,"href":"https:\/\/www.odiolanavidad.es\/index.php\/wp-json\/wp\/v2\/users\/1"}],"replies":[{"embeddable":true,"href":"https:\/\/www.odiolanavidad.es\/index.php\/wp-json\/wp\/v2\/comments?post=1003"}],"version-history":[{"count":1,"href":"https:\/\/www.odiolanavidad.es\/index.php\/wp-json\/wp\/v2\/posts\/1003\/revisions"}],"predecessor-version":[{"id":1006,"href":"https:\/\/www.odiolanavidad.es\/index.php\/wp-json\/wp\/v2\/posts\/1003\/revisions\/1006"}],"wp:attachment":[{"href":"https:\/\/www.odiolanavidad.es\/index.php\/wp-json\/wp\/v2\/media?parent=1003"}],"wp:term":[{"taxonomy":"category","embeddable":true,"href":"https:\/\/www.odiolanavidad.es\/index.php\/wp-json\/wp\/v2\/categories?post=1003"},{"taxonomy":"post_tag","embeddable":true,"href":"https:\/\/www.odiolanavidad.es\/index.php\/wp-json\/wp\/v2\/tags?post=1003"}],"curies":[{"name":"wp","href":"https:\/\/api.w.org\/{rel}","templated":true}]}}