{"id":1010,"date":"2020-12-30T05:52:00","date_gmt":"2020-12-30T05:52:00","guid":{"rendered":"https:\/\/www.odiolanavidad.es\/?p=1010"},"modified":"2020-12-26T19:58:26","modified_gmt":"2020-12-26T19:58:26","slug":"no-comprendo","status":"publish","type":"post","link":"https:\/\/www.odiolanavidad.es\/index.php\/2020\/12\/30\/no-comprendo\/","title":{"rendered":"No comprendo"},"content":{"rendered":"\n<p>Si hay alguien por ah\u00ed leyendo que entienda esta decoraci\u00f3n navide\u00f1a, que haga el favor de perder un minuto y explic\u00e1rmela, porque por m\u00e1s vueltas que le doy no acabo de pillarla. Debo estar algo corto de entenderas \u00faltimamente, porque no puedo hacer ninguna asociaci\u00f3n  entre los personajes (\u00bfreyes?) de los reposteros con alguna iconograf\u00eda navide\u00f1a. Parecen reyes, s\u00ed, pero de cuento infantil. Menos mal que las luces me dieron la pista identificativa, que si no&#8230;<\/p>\n\n\n\n<p>La foto est\u00e1 hecha en Salamanca, por la plaza de San Juli\u00e1n me parece recordar.<\/p>\n\n\n\n<figure class=\"wp-block-image size-large\"><img loading=\"lazy\" decoding=\"async\" width=\"1024\" height=\"535\" src=\"https:\/\/www.odiolanavidad.es\/wp-content\/uploads\/2020\/12\/mi-no-comprender-1024x535.jpg\" alt=\"\" class=\"wp-image-1011\" srcset=\"https:\/\/www.odiolanavidad.es\/wp-content\/uploads\/2020\/12\/mi-no-comprender-1024x535.jpg 1024w, https:\/\/www.odiolanavidad.es\/wp-content\/uploads\/2020\/12\/mi-no-comprender-300x157.jpg 300w, https:\/\/www.odiolanavidad.es\/wp-content\/uploads\/2020\/12\/mi-no-comprender-768x402.jpg 768w, https:\/\/www.odiolanavidad.es\/wp-content\/uploads\/2020\/12\/mi-no-comprender.jpg 1182w\" sizes=\"auto, (max-width: 767px) 89vw, (max-width: 1000px) 54vw, (max-width: 1071px) 543px, 580px\" \/><\/figure>\n","protected":false},"excerpt":{"rendered":"<p>Si hay alguien por ah\u00ed leyendo que entienda esta decoraci\u00f3n navide\u00f1a, que haga el favor de perder un minuto y explic\u00e1rmela, porque por m\u00e1s vueltas que le doy no acabo de pillarla. Debo estar algo corto de entenderas \u00faltimamente, porque no puedo hacer ninguna asociaci\u00f3n entre los personajes (\u00bfreyes?) de los reposteros con alguna iconograf\u00eda &hellip; <\/p>\n<p class=\"link-more\"><a href=\"https:\/\/www.odiolanavidad.es\/index.php\/2020\/12\/30\/no-comprendo\/\" class=\"more-link\">Continuar leyendo<span class=\"screen-reader-text\"> \u00abNo comprendo\u00bb<\/span><\/a><\/p>\n","protected":false},"author":1,"featured_media":0,"comment_status":"open","ping_status":"open","sticky":false,"template":"","format":"standard","meta":{"footnotes":""},"categories":[11],"tags":[377,100],"class_list":["post-1010","post","type-post","status-publish","format-standard","hentry","category-2020-2021","tag-repostero","tag-reyes"],"_links":{"self":[{"href":"https:\/\/www.odiolanavidad.es\/index.php\/wp-json\/wp\/v2\/posts\/1010","targetHints":{"allow":["GET"]}}],"collection":[{"href":"https:\/\/www.odiolanavidad.es\/index.php\/wp-json\/wp\/v2\/posts"}],"about":[{"href":"https:\/\/www.odiolanavidad.es\/index.php\/wp-json\/wp\/v2\/types\/post"}],"author":[{"embeddable":true,"href":"https:\/\/www.odiolanavidad.es\/index.php\/wp-json\/wp\/v2\/users\/1"}],"replies":[{"embeddable":true,"href":"https:\/\/www.odiolanavidad.es\/index.php\/wp-json\/wp\/v2\/comments?post=1010"}],"version-history":[{"count":1,"href":"https:\/\/www.odiolanavidad.es\/index.php\/wp-json\/wp\/v2\/posts\/1010\/revisions"}],"predecessor-version":[{"id":1012,"href":"https:\/\/www.odiolanavidad.es\/index.php\/wp-json\/wp\/v2\/posts\/1010\/revisions\/1012"}],"wp:attachment":[{"href":"https:\/\/www.odiolanavidad.es\/index.php\/wp-json\/wp\/v2\/media?parent=1010"}],"wp:term":[{"taxonomy":"category","embeddable":true,"href":"https:\/\/www.odiolanavidad.es\/index.php\/wp-json\/wp\/v2\/categories?post=1010"},{"taxonomy":"post_tag","embeddable":true,"href":"https:\/\/www.odiolanavidad.es\/index.php\/wp-json\/wp\/v2\/tags?post=1010"}],"curies":[{"name":"wp","href":"https:\/\/api.w.org\/{rel}","templated":true}]}}