{"id":1027,"date":"2021-01-05T08:05:00","date_gmt":"2021-01-05T08:05:00","guid":{"rendered":"https:\/\/www.odiolanavidad.es\/?p=1027"},"modified":"2020-12-30T20:14:36","modified_gmt":"2020-12-30T20:14:36","slug":"reyes-si-pero-de-peluche","status":"publish","type":"post","link":"https:\/\/www.odiolanavidad.es\/index.php\/2021\/01\/05\/reyes-si-pero-de-peluche\/","title":{"rendered":"Reyes s\u00ed, pero de peluche"},"content":{"rendered":"\n<p>En este negocio han expresado, sin querer quiz\u00e1, lo que pensamos muchos habitantes de este pa\u00eds: que los reyes que queremos ver son de peluche. As\u00ed estar\u00e1n inactivos, los podremos colocar en sus cajitas durante 11 meses al a\u00f1o y sacudirles el polvo para dejarlos de adorno en la calle. Ser\u00e1n mucho menos problem\u00e1ticos, m\u00e1s inocuos y menos costosos que los que actualmente \u00bflideran? este reducto cuasitercermundista de las monarqu\u00edas hereditarias (y machistas) que arrastramos desde la edad del bronce. \u00bfNo va siendo hora de ir ventilando y modernizando esta sociedad \u00abtecno-il\u00f3gica?<\/p>\n\n\n\n<figure class=\"wp-block-image size-large\"><img loading=\"lazy\" decoding=\"async\" width=\"779\" height=\"932\" src=\"https:\/\/www.odiolanavidad.es\/wp-content\/uploads\/2020\/12\/reyes-de-peluche.jpg\" alt=\"\" class=\"wp-image-1028\" srcset=\"https:\/\/www.odiolanavidad.es\/wp-content\/uploads\/2020\/12\/reyes-de-peluche.jpg 779w, https:\/\/www.odiolanavidad.es\/wp-content\/uploads\/2020\/12\/reyes-de-peluche-251x300.jpg 251w, https:\/\/www.odiolanavidad.es\/wp-content\/uploads\/2020\/12\/reyes-de-peluche-768x919.jpg 768w\" sizes=\"auto, (max-width: 767px) 89vw, (max-width: 1000px) 54vw, (max-width: 1071px) 543px, 580px\" \/><\/figure>\n","protected":false},"excerpt":{"rendered":"<p>En este negocio han expresado, sin querer quiz\u00e1, lo que pensamos muchos habitantes de este pa\u00eds: que los reyes que queremos ver son de peluche. As\u00ed estar\u00e1n inactivos, los podremos colocar en sus cajitas durante 11 meses al a\u00f1o y sacudirles el polvo para dejarlos de adorno en la calle. Ser\u00e1n mucho menos problem\u00e1ticos, m\u00e1s &hellip; <\/p>\n<p class=\"link-more\"><a href=\"https:\/\/www.odiolanavidad.es\/index.php\/2021\/01\/05\/reyes-si-pero-de-peluche\/\" class=\"more-link\">Continuar leyendo<span class=\"screen-reader-text\"> \u00abReyes s\u00ed, pero de peluche\u00bb<\/span><\/a><\/p>\n","protected":false},"author":1,"featured_media":0,"comment_status":"open","ping_status":"open","sticky":false,"template":"","format":"standard","meta":{"footnotes":""},"categories":[11],"tags":[100,368],"class_list":["post-1027","post","type-post","status-publish","format-standard","hentry","category-2020-2021","tag-reyes","tag-reyes-magos"],"_links":{"self":[{"href":"https:\/\/www.odiolanavidad.es\/index.php\/wp-json\/wp\/v2\/posts\/1027","targetHints":{"allow":["GET"]}}],"collection":[{"href":"https:\/\/www.odiolanavidad.es\/index.php\/wp-json\/wp\/v2\/posts"}],"about":[{"href":"https:\/\/www.odiolanavidad.es\/index.php\/wp-json\/wp\/v2\/types\/post"}],"author":[{"embeddable":true,"href":"https:\/\/www.odiolanavidad.es\/index.php\/wp-json\/wp\/v2\/users\/1"}],"replies":[{"embeddable":true,"href":"https:\/\/www.odiolanavidad.es\/index.php\/wp-json\/wp\/v2\/comments?post=1027"}],"version-history":[{"count":1,"href":"https:\/\/www.odiolanavidad.es\/index.php\/wp-json\/wp\/v2\/posts\/1027\/revisions"}],"predecessor-version":[{"id":1029,"href":"https:\/\/www.odiolanavidad.es\/index.php\/wp-json\/wp\/v2\/posts\/1027\/revisions\/1029"}],"wp:attachment":[{"href":"https:\/\/www.odiolanavidad.es\/index.php\/wp-json\/wp\/v2\/media?parent=1027"}],"wp:term":[{"taxonomy":"category","embeddable":true,"href":"https:\/\/www.odiolanavidad.es\/index.php\/wp-json\/wp\/v2\/categories?post=1027"},{"taxonomy":"post_tag","embeddable":true,"href":"https:\/\/www.odiolanavidad.es\/index.php\/wp-json\/wp\/v2\/tags?post=1027"}],"curies":[{"name":"wp","href":"https:\/\/api.w.org\/{rel}","templated":true}]}}