{"id":113,"date":"2009-01-03T11:17:18","date_gmt":"2009-01-03T11:17:18","guid":{"rendered":"https:\/\/www.odiolanavidad.es\/?p=113"},"modified":"2021-03-22T19:24:42","modified_gmt":"2021-03-22T19:24:42","slug":"peligros-de-la-navidad-iv","status":"publish","type":"post","link":"https:\/\/www.odiolanavidad.es\/index.php\/2009\/01\/03\/peligros-de-la-navidad-iv\/","title":{"rendered":"Peligros de la navidad (IV)"},"content":{"rendered":"\n<p>Que la navidad tiene m\u00e1s peligros que un paseo por \nBagdad, es evidente y ha quedado demostrado en m\u00e1s de cuatro ocasiones. \nSeguimos encontrando muestras innegables de la afirmaci\u00f3n, como la que \nse puede observar en la fotograf\u00eda adjunta, tomada en B\u00e9jar (Salamanca),\n en el paraje llamado \u00abLa Corredera\u00bb por los beharauis. La fotograf\u00eda ha\n sido tomada a una hora que a\u00fan permite la visibilidad de la se\u00f1al que, \npoco rato m\u00e1s tarde queda anulada por las preciosas bombillitas. No s\u00f3lo\n que el propio cabildo beharaui haga estas cosas, es que adem\u00e1s est\u00e1 por\n duplicado, una a cada lado de la plaza. Encima el engendro luminoso \nest\u00e1 torcido por culpa de la se\u00f1al, pero eso s\u00f3lo se aprecia desde otra \nperspectiva.<\/p>\n\n\n\n<figure class=\"wp-block-image size-large\"><img loading=\"lazy\" decoding=\"async\" width=\"768\" height=\"1024\" src=\"https:\/\/www.odiolanavidad.es\/wp-content\/uploads\/2019\/12\/trafico_peligroso-768x1024.jpg\" alt=\"Luces ocultando se\u00f1al de tr\u00e1fico\" class=\"wp-image-392\" srcset=\"https:\/\/www.odiolanavidad.es\/wp-content\/uploads\/2019\/12\/trafico_peligroso-768x1024.jpg 768w, https:\/\/www.odiolanavidad.es\/wp-content\/uploads\/2019\/12\/trafico_peligroso-225x300.jpg 225w, https:\/\/www.odiolanavidad.es\/wp-content\/uploads\/2019\/12\/trafico_peligroso-1152x1536.jpg 1152w, https:\/\/www.odiolanavidad.es\/wp-content\/uploads\/2019\/12\/trafico_peligroso.jpg 1200w\" sizes=\"auto, (max-width: 767px) 89vw, (max-width: 1000px) 54vw, (max-width: 1071px) 543px, 580px\" \/><figcaption>Luces ocultando se\u00f1al de tr\u00e1fico<\/figcaption><\/figure>\n","protected":false},"excerpt":{"rendered":"<p>Que la navidad tiene m\u00e1s peligros que un paseo por Bagdad, es evidente y ha quedado demostrado en m\u00e1s de cuatro ocasiones. Seguimos encontrando muestras innegables de la afirmaci\u00f3n, como la que se puede observar en la fotograf\u00eda adjunta, tomada en B\u00e9jar (Salamanca), en el paraje llamado \u00abLa Corredera\u00bb por los beharauis. La fotograf\u00eda ha &hellip; <\/p>\n<p class=\"link-more\"><a href=\"https:\/\/www.odiolanavidad.es\/index.php\/2009\/01\/03\/peligros-de-la-navidad-iv\/\" class=\"more-link\">Continuar leyendo<span class=\"screen-reader-text\"> \u00abPeligros de la navidad (IV)\u00bb<\/span><\/a><\/p>\n","protected":false},"author":1,"featured_media":0,"comment_status":"open","ping_status":"open","sticky":false,"template":"","format":"standard","meta":{"footnotes":""},"categories":[8],"tags":[13],"class_list":["post-113","post","type-post","status-publish","format-standard","hentry","category-2008-2009","tag-luces"],"_links":{"self":[{"href":"https:\/\/www.odiolanavidad.es\/index.php\/wp-json\/wp\/v2\/posts\/113","targetHints":{"allow":["GET"]}}],"collection":[{"href":"https:\/\/www.odiolanavidad.es\/index.php\/wp-json\/wp\/v2\/posts"}],"about":[{"href":"https:\/\/www.odiolanavidad.es\/index.php\/wp-json\/wp\/v2\/types\/post"}],"author":[{"embeddable":true,"href":"https:\/\/www.odiolanavidad.es\/index.php\/wp-json\/wp\/v2\/users\/1"}],"replies":[{"embeddable":true,"href":"https:\/\/www.odiolanavidad.es\/index.php\/wp-json\/wp\/v2\/comments?post=113"}],"version-history":[{"count":3,"href":"https:\/\/www.odiolanavidad.es\/index.php\/wp-json\/wp\/v2\/posts\/113\/revisions"}],"predecessor-version":[{"id":1123,"href":"https:\/\/www.odiolanavidad.es\/index.php\/wp-json\/wp\/v2\/posts\/113\/revisions\/1123"}],"wp:attachment":[{"href":"https:\/\/www.odiolanavidad.es\/index.php\/wp-json\/wp\/v2\/media?parent=113"}],"wp:term":[{"taxonomy":"category","embeddable":true,"href":"https:\/\/www.odiolanavidad.es\/index.php\/wp-json\/wp\/v2\/categories?post=113"},{"taxonomy":"post_tag","embeddable":true,"href":"https:\/\/www.odiolanavidad.es\/index.php\/wp-json\/wp\/v2\/tags?post=113"}],"curies":[{"name":"wp","href":"https:\/\/api.w.org\/{rel}","templated":true}]}}