{"id":1265,"date":"2021-11-25T20:46:53","date_gmt":"2021-11-25T20:46:53","guid":{"rendered":"https:\/\/www.odiolanavidad.es\/?p=1265"},"modified":"2021-11-25T20:46:53","modified_gmt":"2021-11-25T20:46:53","slug":"me-arrepiento","status":"publish","type":"post","link":"https:\/\/www.odiolanavidad.es\/index.php\/2021\/11\/25\/me-arrepiento\/","title":{"rendered":"Me arrepiento&#8230;"},"content":{"rendered":"\n<p>Sobre todo me arrepiento de ser tan r\u00e1pido con el teclado. Por eso ayer publicaba que se hab\u00eda <a href=\"https:\/\/www.odiolanavidad.es\/index.php\/2021\/11\/24\/comenzamos-la-temporada-con-dos-cojones\/\" data-type=\"URL\" data-id=\"https:\/\/www.odiolanavidad.es\/index.php\/2021\/11\/24\/comenzamos-la-temporada-con-dos-cojones\/\">aprobado la celebraci\u00f3n de la \u00abNochevieja universitaria\u00bb<\/a> de Salamanca y hoy me tengo que desdecir, afortunadamente. Parece que <a href=\"https:\/\/www.lagacetadesalamanca.es\/salamanca\/nochevieja-universitaria-salamanca-FG9686153\" data-type=\"URL\" data-id=\"https:\/\/www.lagacetadesalamanca.es\/salamanca\/nochevieja-universitaria-salamanca-FG9686153\">los hosteleros han decidido no realizar el evento<\/a>. Bien, es lo que ten\u00edan que haber hecho antes ya que el ay-untamiento no lo hizo.<\/p>\n\n\n\n<p>Se supone que los ayuntamientos y sus representantes democr\u00e1ticamente (ejem&#8230;.) elegidos por los ciudadanos deben cuidar del bien com\u00fan. De todos, no solo de los hosteleros, le\u00f1e. La bobada esta de un paso adelante y otro atr\u00e1s que ha dado el cabildo ha hecho que los ciudadanos se mosqueen un poco m\u00e1s con los pol\u00edticos (pero les seguir\u00e1n votando, claro) y encima habr\u00e1 que pagar la bobada, porque el despliegue de polic\u00eda se mantiene ya que la llegada masiva de estudiantes de otros lugares de la geograf\u00eda ya est\u00e1 en marcha: vamos que el \u00abmacrobotell\u00f3n de contagio\u00bb no lo para ni diosa.<\/p>\n\n\n\n<figure class=\"wp-block-image size-large\"><img loading=\"lazy\" decoding=\"async\" width=\"1024\" height=\"819\" src=\"https:\/\/www.odiolanavidad.es\/wp-content\/uploads\/2021\/11\/imagen-2-1024x819.png\" alt=\"\" class=\"wp-image-1266\" srcset=\"https:\/\/www.odiolanavidad.es\/wp-content\/uploads\/2021\/11\/imagen-2-1024x819.png 1024w, https:\/\/www.odiolanavidad.es\/wp-content\/uploads\/2021\/11\/imagen-2-300x240.png 300w, https:\/\/www.odiolanavidad.es\/wp-content\/uploads\/2021\/11\/imagen-2-768x614.png 768w, https:\/\/www.odiolanavidad.es\/wp-content\/uploads\/2021\/11\/imagen-2.png 1048w\" sizes=\"auto, (max-width: 767px) 89vw, (max-width: 1000px) 54vw, (max-width: 1071px) 543px, 580px\" \/><\/figure>\n","protected":false},"excerpt":{"rendered":"<p>Sobre todo me arrepiento de ser tan r\u00e1pido con el teclado. Por eso ayer publicaba que se hab\u00eda aprobado la celebraci\u00f3n de la \u00abNochevieja universitaria\u00bb de Salamanca y hoy me tengo que desdecir, afortunadamente. Parece que los hosteleros han decidido no realizar el evento. Bien, es lo que ten\u00edan que haber hecho antes ya que &hellip; <\/p>\n<p class=\"link-more\"><a href=\"https:\/\/www.odiolanavidad.es\/index.php\/2021\/11\/25\/me-arrepiento\/\" class=\"more-link\">Continuar leyendo<span class=\"screen-reader-text\"> \u00abMe arrepiento&#8230;\u00bb<\/span><\/a><\/p>\n","protected":false},"author":1,"featured_media":0,"comment_status":"open","ping_status":"open","sticky":false,"template":"","format":"standard","meta":{"footnotes":""},"categories":[396],"tags":[170,399,398,397,88],"class_list":["post-1265","post","type-post","status-publish","format-standard","hentry","category-2021-2022","tag-ayuntamiento","tag-contagio","tag-macrobotellon","tag-nochevieja-universitaria","tag-salamanca"],"_links":{"self":[{"href":"https:\/\/www.odiolanavidad.es\/index.php\/wp-json\/wp\/v2\/posts\/1265","targetHints":{"allow":["GET"]}}],"collection":[{"href":"https:\/\/www.odiolanavidad.es\/index.php\/wp-json\/wp\/v2\/posts"}],"about":[{"href":"https:\/\/www.odiolanavidad.es\/index.php\/wp-json\/wp\/v2\/types\/post"}],"author":[{"embeddable":true,"href":"https:\/\/www.odiolanavidad.es\/index.php\/wp-json\/wp\/v2\/users\/1"}],"replies":[{"embeddable":true,"href":"https:\/\/www.odiolanavidad.es\/index.php\/wp-json\/wp\/v2\/comments?post=1265"}],"version-history":[{"count":1,"href":"https:\/\/www.odiolanavidad.es\/index.php\/wp-json\/wp\/v2\/posts\/1265\/revisions"}],"predecessor-version":[{"id":1267,"href":"https:\/\/www.odiolanavidad.es\/index.php\/wp-json\/wp\/v2\/posts\/1265\/revisions\/1267"}],"wp:attachment":[{"href":"https:\/\/www.odiolanavidad.es\/index.php\/wp-json\/wp\/v2\/media?parent=1265"}],"wp:term":[{"taxonomy":"category","embeddable":true,"href":"https:\/\/www.odiolanavidad.es\/index.php\/wp-json\/wp\/v2\/categories?post=1265"},{"taxonomy":"post_tag","embeddable":true,"href":"https:\/\/www.odiolanavidad.es\/index.php\/wp-json\/wp\/v2\/tags?post=1265"}],"curies":[{"name":"wp","href":"https:\/\/api.w.org\/{rel}","templated":true}]}}