{"id":1274,"date":"2021-11-29T19:41:29","date_gmt":"2021-11-29T19:41:29","guid":{"rendered":"https:\/\/www.odiolanavidad.es\/?p=1274"},"modified":"2021-12-19T13:11:29","modified_gmt":"2021-12-19T13:11:29","slug":"grandes-ideas-decorativas","status":"publish","type":"post","link":"https:\/\/www.odiolanavidad.es\/index.php\/2021\/11\/29\/grandes-ideas-decorativas\/","title":{"rendered":"Grandes ideas decorativas"},"content":{"rendered":"\n<p>En la calle mayor (de Pardi\u00f1as y de S\u00e1nchez Oca\u00f1a) han colocado adem\u00e1s de las consabidas lucecitas navide\u00f1as, una curiosa decoraci\u00f3n de ganchillo o macram\u00e9, no s\u00e9 bien a cual de los dos tipos corresponde. Los elementos colgados son de colorines y me recuerdan mucho a unos que (en blanco) hac\u00eda mi abuela para encima de las faldillas de la camilla. A alguien se le ha ocurrido la idea de colgar estos elementos a modo de palio en las citadas calles.<\/p>\n\n\n\n<p>Feos o bonitos, queda a su consideraci\u00f3n. Lo que no me cabe duda es de que muy interesante va a ser el d\u00eda que caiga una nevada maja y se apelmace el mazacote de nieve sobre las cabezas de los viandantes. Espero estar all\u00ed ese d\u00eda y poder capturarlo con la m\u00e1quina de fotos para su disfrute. De momento quede para la posteridad la fotito de los inventos en su estadio inicial y pr\u00edstino.<\/p>\n\n\n\n<figure class=\"wp-block-image size-large\"><img loading=\"lazy\" decoding=\"async\" width=\"1024\" height=\"683\" src=\"https:\/\/www.odiolanavidad.es\/wp-content\/uploads\/2021\/11\/decoracion-de-manteles-de-punto-Bejar-1024x683.jpg\" alt=\"Decoraci\u00f3n con manteles de punto en B\u00e9jar\" class=\"wp-image-1276\" srcset=\"https:\/\/www.odiolanavidad.es\/wp-content\/uploads\/2021\/11\/decoracion-de-manteles-de-punto-Bejar-1024x683.jpg 1024w, https:\/\/www.odiolanavidad.es\/wp-content\/uploads\/2021\/11\/decoracion-de-manteles-de-punto-Bejar-300x200.jpg 300w, https:\/\/www.odiolanavidad.es\/wp-content\/uploads\/2021\/11\/decoracion-de-manteles-de-punto-Bejar-768x512.jpg 768w, https:\/\/www.odiolanavidad.es\/wp-content\/uploads\/2021\/11\/decoracion-de-manteles-de-punto-Bejar-1536x1024.jpg 1536w, https:\/\/www.odiolanavidad.es\/wp-content\/uploads\/2021\/11\/decoracion-de-manteles-de-punto-Bejar.jpg 1600w\" sizes=\"auto, (max-width: 767px) 89vw, (max-width: 1000px) 54vw, (max-width: 1071px) 543px, 580px\" \/><\/figure>\n\n\n\n<p>Un gracioso tir\u00f3 una botella de agua (con contenido) y la emboc\u00f3 en uno de ellos, dando la impresi\u00f3n desde lejos de una teta apuntando hacia los paseantes. Debieron quitarla, porque cuando volv\u00ed para hacer esta foto ya no estaba. L\u00e1stima, habr\u00eda quedado muy mona la foto.<\/p>\n","protected":false},"excerpt":{"rendered":"<p>En la calle mayor (de Pardi\u00f1as y de S\u00e1nchez Oca\u00f1a) han colocado adem\u00e1s de las consabidas lucecitas navide\u00f1as, una curiosa decoraci\u00f3n de ganchillo o macram\u00e9, no s\u00e9 bien a cual de los dos tipos corresponde. Los elementos colgados son de colorines y me recuerdan mucho a unos que (en blanco) hac\u00eda mi abuela para encima &hellip; <\/p>\n<p class=\"link-more\"><a href=\"https:\/\/www.odiolanavidad.es\/index.php\/2021\/11\/29\/grandes-ideas-decorativas\/\" class=\"more-link\">Continuar leyendo<span class=\"screen-reader-text\"> \u00abGrandes ideas decorativas\u00bb<\/span><\/a><\/p>\n","protected":false},"author":1,"featured_media":0,"comment_status":"open","ping_status":"open","sticky":false,"template":"","format":"standard","meta":{"footnotes":""},"categories":[396],"tags":[111,411,409,410,408],"class_list":["post-1274","post","type-post","status-publish","format-standard","hentry","category-2021-2022","tag-bejar-2","tag-decoraciones","tag-ganchillo","tag-macrame","tag-punto"],"_links":{"self":[{"href":"https:\/\/www.odiolanavidad.es\/index.php\/wp-json\/wp\/v2\/posts\/1274","targetHints":{"allow":["GET"]}}],"collection":[{"href":"https:\/\/www.odiolanavidad.es\/index.php\/wp-json\/wp\/v2\/posts"}],"about":[{"href":"https:\/\/www.odiolanavidad.es\/index.php\/wp-json\/wp\/v2\/types\/post"}],"author":[{"embeddable":true,"href":"https:\/\/www.odiolanavidad.es\/index.php\/wp-json\/wp\/v2\/users\/1"}],"replies":[{"embeddable":true,"href":"https:\/\/www.odiolanavidad.es\/index.php\/wp-json\/wp\/v2\/comments?post=1274"}],"version-history":[{"count":2,"href":"https:\/\/www.odiolanavidad.es\/index.php\/wp-json\/wp\/v2\/posts\/1274\/revisions"}],"predecessor-version":[{"id":1277,"href":"https:\/\/www.odiolanavidad.es\/index.php\/wp-json\/wp\/v2\/posts\/1274\/revisions\/1277"}],"wp:attachment":[{"href":"https:\/\/www.odiolanavidad.es\/index.php\/wp-json\/wp\/v2\/media?parent=1274"}],"wp:term":[{"taxonomy":"category","embeddable":true,"href":"https:\/\/www.odiolanavidad.es\/index.php\/wp-json\/wp\/v2\/categories?post=1274"},{"taxonomy":"post_tag","embeddable":true,"href":"https:\/\/www.odiolanavidad.es\/index.php\/wp-json\/wp\/v2\/tags?post=1274"}],"curies":[{"name":"wp","href":"https:\/\/api.w.org\/{rel}","templated":true}]}}