{"id":1279,"date":"2021-12-09T22:13:50","date_gmt":"2021-12-09T22:13:50","guid":{"rendered":"https:\/\/www.odiolanavidad.es\/?p=1279"},"modified":"2021-12-19T13:10:49","modified_gmt":"2021-12-19T13:10:49","slug":"la-campana-gorda","status":"publish","type":"post","link":"https:\/\/www.odiolanavidad.es\/index.php\/2021\/12\/09\/la-campana-gorda\/","title":{"rendered":"La campana gorda"},"content":{"rendered":"\n<p>Cada a\u00f1o la decoraci\u00f3n de la plaza mayor de Salamanca es mayor. Si hace unos a\u00f1os el \u00abregalito\u00bb ya llamaba la atenci\u00f3n, no se queda atr\u00e1s el nuevo elemento decorativo, una campana gorda, pero gorda gorda. La altura debe andar por los doce metros y, consideraciones est\u00e9ticas aparte,  llama la atenci\u00f3n el descomunal tama\u00f1o que tiene el invento. A este paso dentro de poco la decoraci\u00f3n ser\u00e1 tan grande y tan alta que no cabr\u00e1 en la plaza y tendr\u00e1 que colocarse en el exterior y cubrir\u00e1 la plaza completa. As\u00ed se podr\u00e1 apreciar la belleza del monumento que se empe\u00f1an, a\u00f1o tras a\u00f1o, en intentar mejorar con nulo resultado: la plaza no necesita embellecerse y menos con mostrencos luminosos.<\/p>\n\n\n\n<div class=\"wp-block-image\"><figure class=\"aligncenter size-large\"><img loading=\"lazy\" decoding=\"async\" width=\"1024\" height=\"728\" src=\"https:\/\/www.odiolanavidad.es\/wp-content\/uploads\/2021\/12\/la-campana-gorda-1024x728.jpg\" alt=\"La campana gorda\" class=\"wp-image-1280\" srcset=\"https:\/\/www.odiolanavidad.es\/wp-content\/uploads\/2021\/12\/la-campana-gorda-1024x728.jpg 1024w, https:\/\/www.odiolanavidad.es\/wp-content\/uploads\/2021\/12\/la-campana-gorda-300x213.jpg 300w, https:\/\/www.odiolanavidad.es\/wp-content\/uploads\/2021\/12\/la-campana-gorda-768x546.jpg 768w, https:\/\/www.odiolanavidad.es\/wp-content\/uploads\/2021\/12\/la-campana-gorda-1536x1091.jpg 1536w, https:\/\/www.odiolanavidad.es\/wp-content\/uploads\/2021\/12\/la-campana-gorda-2048x1455.jpg 2048w\" sizes=\"auto, (max-width: 767px) 89vw, (max-width: 1000px) 54vw, (max-width: 1071px) 543px, 580px\" \/><\/figure><\/div>\n","protected":false},"excerpt":{"rendered":"<p>Cada a\u00f1o la decoraci\u00f3n de la plaza mayor de Salamanca es mayor. Si hace unos a\u00f1os el \u00abregalito\u00bb ya llamaba la atenci\u00f3n, no se queda atr\u00e1s el nuevo elemento decorativo, una campana gorda, pero gorda gorda. La altura debe andar por los doce metros y, consideraciones est\u00e9ticas aparte, llama la atenci\u00f3n el descomunal tama\u00f1o que &hellip; <\/p>\n<p class=\"link-more\"><a href=\"https:\/\/www.odiolanavidad.es\/index.php\/2021\/12\/09\/la-campana-gorda\/\" class=\"more-link\">Continuar leyendo<span class=\"screen-reader-text\"> \u00abLa campana gorda\u00bb<\/span><\/a><\/p>\n","protected":false},"author":1,"featured_media":0,"comment_status":"open","ping_status":"open","sticky":false,"template":"","format":"standard","meta":{"footnotes":""},"categories":[396],"tags":[412,413,87],"class_list":["post-1279","post","type-post","status-publish","format-standard","hentry","category-2021-2022","tag-campana","tag-gorda","tag-plaza-mayor"],"_links":{"self":[{"href":"https:\/\/www.odiolanavidad.es\/index.php\/wp-json\/wp\/v2\/posts\/1279","targetHints":{"allow":["GET"]}}],"collection":[{"href":"https:\/\/www.odiolanavidad.es\/index.php\/wp-json\/wp\/v2\/posts"}],"about":[{"href":"https:\/\/www.odiolanavidad.es\/index.php\/wp-json\/wp\/v2\/types\/post"}],"author":[{"embeddable":true,"href":"https:\/\/www.odiolanavidad.es\/index.php\/wp-json\/wp\/v2\/users\/1"}],"replies":[{"embeddable":true,"href":"https:\/\/www.odiolanavidad.es\/index.php\/wp-json\/wp\/v2\/comments?post=1279"}],"version-history":[{"count":1,"href":"https:\/\/www.odiolanavidad.es\/index.php\/wp-json\/wp\/v2\/posts\/1279\/revisions"}],"predecessor-version":[{"id":1281,"href":"https:\/\/www.odiolanavidad.es\/index.php\/wp-json\/wp\/v2\/posts\/1279\/revisions\/1281"}],"wp:attachment":[{"href":"https:\/\/www.odiolanavidad.es\/index.php\/wp-json\/wp\/v2\/media?parent=1279"}],"wp:term":[{"taxonomy":"category","embeddable":true,"href":"https:\/\/www.odiolanavidad.es\/index.php\/wp-json\/wp\/v2\/categories?post=1279"},{"taxonomy":"post_tag","embeddable":true,"href":"https:\/\/www.odiolanavidad.es\/index.php\/wp-json\/wp\/v2\/tags?post=1279"}],"curies":[{"name":"wp","href":"https:\/\/api.w.org\/{rel}","templated":true}]}}