{"id":1291,"date":"2021-12-15T20:37:39","date_gmt":"2021-12-15T20:37:39","guid":{"rendered":"https:\/\/www.odiolanavidad.es\/?p=1291"},"modified":"2021-12-19T13:09:05","modified_gmt":"2021-12-19T13:09:05","slug":"mas-papistas-que-el-papa","status":"publish","type":"post","link":"https:\/\/www.odiolanavidad.es\/index.php\/2021\/12\/15\/mas-papistas-que-el-papa\/","title":{"rendered":"M\u00e1s papistas que el papa"},"content":{"rendered":"\n<p>Pues nada, que los fabricantes (o fabricantas) de luminarias navide\u00f1as se han apuntado a la modernidad solo a medias: s\u00ed que se hacen de LED cosa moderna donde las haya, pero no se leen los escritos de los papas (sin acento). Concretamente el em\u00e9rito Benedicto XVI hace ya a\u00f1os que afirm\u00f3 que <a href=\"https:\/\/elpais.com\/sociedad\/2012\/11\/21\/actualidad\/1353456999_980300.html\" data-type=\"URL\" data-id=\"https:\/\/elpais.com\/sociedad\/2012\/11\/21\/actualidad\/1353456999_980300.html\" target=\"_blank\" rel=\"noreferrer noopener\">en el portal de Bel\u00e9n ni buey ni mula<\/a>. La friolera de 9 a\u00f1os en los que el acervo popular ha ignorado la opini\u00f3n de tan excelso personaje, ningune\u00e1ndole cual a predicador en desierto. Ilustra este comentario la luminaria instalada en la calle Zamora de Salamanca, nueva de este a\u00f1o, por lo que queda corroborado lo de \u00abpasar\u00bb de lo que no interesa. Como los peri\u00f3dicos mismamente.<\/p>\n\n\n\n<div class=\"wp-block-image\"><figure class=\"aligncenter size-large\"><img loading=\"lazy\" decoding=\"async\" width=\"1024\" height=\"673\" src=\"https:\/\/www.odiolanavidad.es\/wp-content\/uploads\/2021\/12\/el-portal-de-belen-apocrifo-1024x673.jpg\" alt=\"\" class=\"wp-image-1292\" srcset=\"https:\/\/www.odiolanavidad.es\/wp-content\/uploads\/2021\/12\/el-portal-de-belen-apocrifo-1024x673.jpg 1024w, https:\/\/www.odiolanavidad.es\/wp-content\/uploads\/2021\/12\/el-portal-de-belen-apocrifo-300x197.jpg 300w, https:\/\/www.odiolanavidad.es\/wp-content\/uploads\/2021\/12\/el-portal-de-belen-apocrifo-768x505.jpg 768w, https:\/\/www.odiolanavidad.es\/wp-content\/uploads\/2021\/12\/el-portal-de-belen-apocrifo-1536x1010.jpg 1536w, https:\/\/www.odiolanavidad.es\/wp-content\/uploads\/2021\/12\/el-portal-de-belen-apocrifo-2048x1347.jpg 2048w\" sizes=\"auto, (max-width: 767px) 89vw, (max-width: 1000px) 54vw, (max-width: 1071px) 543px, 580px\" \/><\/figure><\/div>\n","protected":false},"excerpt":{"rendered":"<p>Pues nada, que los fabricantes (o fabricantas) de luminarias navide\u00f1as se han apuntado a la modernidad solo a medias: s\u00ed que se hacen de LED cosa moderna donde las haya, pero no se leen los escritos de los papas (sin acento). Concretamente el em\u00e9rito Benedicto XVI hace ya a\u00f1os que afirm\u00f3 que en el portal &hellip; <\/p>\n<p class=\"link-more\"><a href=\"https:\/\/www.odiolanavidad.es\/index.php\/2021\/12\/15\/mas-papistas-que-el-papa\/\" class=\"more-link\">Continuar leyendo<span class=\"screen-reader-text\"> \u00abM\u00e1s papistas que el papa\u00bb<\/span><\/a><\/p>\n","protected":false},"author":1,"featured_media":0,"comment_status":"open","ping_status":"open","sticky":false,"template":"","format":"standard","meta":{"footnotes":""},"categories":[396],"tags":[418,186,283,237,88],"class_list":["post-1291","post","type-post","status-publish","format-standard","hentry","category-2021-2022","tag-belen-2","tag-misterio","tag-mula","tag-portal","tag-salamanca"],"_links":{"self":[{"href":"https:\/\/www.odiolanavidad.es\/index.php\/wp-json\/wp\/v2\/posts\/1291","targetHints":{"allow":["GET"]}}],"collection":[{"href":"https:\/\/www.odiolanavidad.es\/index.php\/wp-json\/wp\/v2\/posts"}],"about":[{"href":"https:\/\/www.odiolanavidad.es\/index.php\/wp-json\/wp\/v2\/types\/post"}],"author":[{"embeddable":true,"href":"https:\/\/www.odiolanavidad.es\/index.php\/wp-json\/wp\/v2\/users\/1"}],"replies":[{"embeddable":true,"href":"https:\/\/www.odiolanavidad.es\/index.php\/wp-json\/wp\/v2\/comments?post=1291"}],"version-history":[{"count":1,"href":"https:\/\/www.odiolanavidad.es\/index.php\/wp-json\/wp\/v2\/posts\/1291\/revisions"}],"predecessor-version":[{"id":1293,"href":"https:\/\/www.odiolanavidad.es\/index.php\/wp-json\/wp\/v2\/posts\/1291\/revisions\/1293"}],"wp:attachment":[{"href":"https:\/\/www.odiolanavidad.es\/index.php\/wp-json\/wp\/v2\/media?parent=1291"}],"wp:term":[{"taxonomy":"category","embeddable":true,"href":"https:\/\/www.odiolanavidad.es\/index.php\/wp-json\/wp\/v2\/categories?post=1291"},{"taxonomy":"post_tag","embeddable":true,"href":"https:\/\/www.odiolanavidad.es\/index.php\/wp-json\/wp\/v2\/tags?post=1291"}],"curies":[{"name":"wp","href":"https:\/\/api.w.org\/{rel}","templated":true}]}}