{"id":1332,"date":"2022-12-15T17:18:03","date_gmt":"2022-12-15T17:18:03","guid":{"rendered":"https:\/\/www.odiolanavidad.es\/?p=1332"},"modified":"2022-12-15T17:18:44","modified_gmt":"2022-12-15T17:18:44","slug":"reinicio-de-temporada-que-algun-dia-no-existira","status":"publish","type":"post","link":"https:\/\/www.odiolanavidad.es\/index.php\/2022\/12\/15\/reinicio-de-temporada-que-algun-dia-no-existira\/","title":{"rendered":"Reinicio de temporada (que alg\u00fan d\u00eda no existir\u00e1)"},"content":{"rendered":"\n<p>Este a\u00f1o en los primeros d\u00edas de octubre ya pude ver turrones en los supermercados, aunque alguien me dijo que ya en septiembre se pod\u00edan comprar. Al paso que vamos la temporada navide\u00f1a comenzar\u00e1 a retrasarse hasta que se junte el final de una con el principio de otra, con la consiguiente p\u00e9rdida de ilusi\u00f3n (al que todav\u00eda le quede) de ver llegar la org\u00eda alimentaria y consumista que caracterizan estas fechas. Por mucho que lo pienso no llego a saber qu\u00e9 es lo que hace pensar a los fabricantes-vendedores que las ganancias van a ser mayores por comenzar antes. Para m\u00ed que es por aquello de \u00ab\u00bfD\u00f3nde va Vicente\u00bb&#8230;<\/p>\n\n\n\n<p>La putada, claro, es que nunca podr\u00e9 colocar el \u00abCierre por fin de temporada\u00bb en estas p\u00e1ginas, lo que me obligar\u00e1 a llevar la neurona hasta el l\u00edmite en la expresi\u00f3n de los cabreos. En fin. Disfrutemos, al menos de momento, que fin y principio no se solapan cual Our\u00f3boros.<\/p>\n","protected":false},"excerpt":{"rendered":"<p>Este a\u00f1o en los primeros d\u00edas de octubre ya pude ver turrones en los supermercados, aunque alguien me dijo que ya en septiembre se pod\u00edan comprar. Al paso que vamos la temporada navide\u00f1a comenzar\u00e1 a retrasarse hasta que se junte el final de una con el principio de otra, con la consiguiente p\u00e9rdida de ilusi\u00f3n &hellip; <\/p>\n<p class=\"link-more\"><a href=\"https:\/\/www.odiolanavidad.es\/index.php\/2022\/12\/15\/reinicio-de-temporada-que-algun-dia-no-existira\/\" class=\"more-link\">Continuar leyendo<span class=\"screen-reader-text\"> \u00abReinicio de temporada (que alg\u00fan d\u00eda no existir\u00e1)\u00bb<\/span><\/a><\/p>\n","protected":false},"author":1,"featured_media":0,"comment_status":"open","ping_status":"open","sticky":false,"template":"","format":"standard","meta":{"footnotes":""},"categories":[446],"tags":[447,309],"class_list":["post-1332","post","type-post","status-publish","format-standard","hentry","category-2022-2023","tag-reinicio","tag-temporada"],"_links":{"self":[{"href":"https:\/\/www.odiolanavidad.es\/index.php\/wp-json\/wp\/v2\/posts\/1332","targetHints":{"allow":["GET"]}}],"collection":[{"href":"https:\/\/www.odiolanavidad.es\/index.php\/wp-json\/wp\/v2\/posts"}],"about":[{"href":"https:\/\/www.odiolanavidad.es\/index.php\/wp-json\/wp\/v2\/types\/post"}],"author":[{"embeddable":true,"href":"https:\/\/www.odiolanavidad.es\/index.php\/wp-json\/wp\/v2\/users\/1"}],"replies":[{"embeddable":true,"href":"https:\/\/www.odiolanavidad.es\/index.php\/wp-json\/wp\/v2\/comments?post=1332"}],"version-history":[{"count":1,"href":"https:\/\/www.odiolanavidad.es\/index.php\/wp-json\/wp\/v2\/posts\/1332\/revisions"}],"predecessor-version":[{"id":1333,"href":"https:\/\/www.odiolanavidad.es\/index.php\/wp-json\/wp\/v2\/posts\/1332\/revisions\/1333"}],"wp:attachment":[{"href":"https:\/\/www.odiolanavidad.es\/index.php\/wp-json\/wp\/v2\/media?parent=1332"}],"wp:term":[{"taxonomy":"category","embeddable":true,"href":"https:\/\/www.odiolanavidad.es\/index.php\/wp-json\/wp\/v2\/categories?post=1332"},{"taxonomy":"post_tag","embeddable":true,"href":"https:\/\/www.odiolanavidad.es\/index.php\/wp-json\/wp\/v2\/tags?post=1332"}],"curies":[{"name":"wp","href":"https:\/\/api.w.org\/{rel}","templated":true}]}}