{"id":1334,"date":"2022-12-18T00:03:11","date_gmt":"2022-12-18T00:03:11","guid":{"rendered":"https:\/\/www.odiolanavidad.es\/?p=1334"},"modified":"2022-12-18T00:03:12","modified_gmt":"2022-12-18T00:03:12","slug":"los-moteros-tambien-tienen-corazon","status":"publish","type":"post","link":"https:\/\/www.odiolanavidad.es\/index.php\/2022\/12\/18\/los-moteros-tambien-tienen-corazon\/","title":{"rendered":"Los moteros tambi\u00e9n tienen coraz\u00f3n"},"content":{"rendered":"\n<p>Vean esta navide\u00f1a estampa cazada este misma noche en la salmantina calle Van Dyck. \u00bfNo es entra\u00f1able reconocer que los duros moteros tambi\u00e9n tienen su corazoncito y decoran sus ruidosos cacharros para estas-fechas-tan-se\u00f1aladas?<\/p>\n\n\n<div class=\"wp-block-image\">\n<figure class=\"aligncenter size-large is-resized\"><img loading=\"lazy\" decoding=\"async\" src=\"https:\/\/www.odiolanavidad.es\/wp-content\/uploads\/2022\/12\/moto-papa-noel-1024x768.jpg\" alt=\"Motos decoradas en plan navide\u00f1o\" class=\"wp-image-1335\" width=\"512\" height=\"384\" srcset=\"https:\/\/www.odiolanavidad.es\/wp-content\/uploads\/2022\/12\/moto-papa-noel-1024x768.jpg 1024w, https:\/\/www.odiolanavidad.es\/wp-content\/uploads\/2022\/12\/moto-papa-noel-300x225.jpg 300w, https:\/\/www.odiolanavidad.es\/wp-content\/uploads\/2022\/12\/moto-papa-noel-768x576.jpg 768w, https:\/\/www.odiolanavidad.es\/wp-content\/uploads\/2022\/12\/moto-papa-noel.jpg 1296w\" sizes=\"auto, (max-width: 512px) 100vw, 512px\" \/><\/figure>\n<\/div>","protected":false},"excerpt":{"rendered":"<p>Vean esta navide\u00f1a estampa cazada este misma noche en la salmantina calle Van Dyck. \u00bfNo es entra\u00f1able reconocer que los duros moteros tambi\u00e9n tienen su corazoncito y decoran sus ruidosos cacharros para estas-fechas-tan-se\u00f1aladas?<\/p>\n","protected":false},"author":1,"featured_media":0,"comment_status":"open","ping_status":"open","sticky":false,"template":"","format":"standard","meta":{"footnotes":""},"categories":[446],"tags":[448,88],"class_list":["post-1334","post","type-post","status-publish","format-standard","hentry","category-2022-2023","tag-motos","tag-salamanca"],"_links":{"self":[{"href":"https:\/\/www.odiolanavidad.es\/index.php\/wp-json\/wp\/v2\/posts\/1334","targetHints":{"allow":["GET"]}}],"collection":[{"href":"https:\/\/www.odiolanavidad.es\/index.php\/wp-json\/wp\/v2\/posts"}],"about":[{"href":"https:\/\/www.odiolanavidad.es\/index.php\/wp-json\/wp\/v2\/types\/post"}],"author":[{"embeddable":true,"href":"https:\/\/www.odiolanavidad.es\/index.php\/wp-json\/wp\/v2\/users\/1"}],"replies":[{"embeddable":true,"href":"https:\/\/www.odiolanavidad.es\/index.php\/wp-json\/wp\/v2\/comments?post=1334"}],"version-history":[{"count":1,"href":"https:\/\/www.odiolanavidad.es\/index.php\/wp-json\/wp\/v2\/posts\/1334\/revisions"}],"predecessor-version":[{"id":1336,"href":"https:\/\/www.odiolanavidad.es\/index.php\/wp-json\/wp\/v2\/posts\/1334\/revisions\/1336"}],"wp:attachment":[{"href":"https:\/\/www.odiolanavidad.es\/index.php\/wp-json\/wp\/v2\/media?parent=1334"}],"wp:term":[{"taxonomy":"category","embeddable":true,"href":"https:\/\/www.odiolanavidad.es\/index.php\/wp-json\/wp\/v2\/categories?post=1334"},{"taxonomy":"post_tag","embeddable":true,"href":"https:\/\/www.odiolanavidad.es\/index.php\/wp-json\/wp\/v2\/tags?post=1334"}],"curies":[{"name":"wp","href":"https:\/\/api.w.org\/{rel}","templated":true}]}}