{"id":1360,"date":"2022-12-25T11:02:31","date_gmt":"2022-12-25T11:02:31","guid":{"rendered":"https:\/\/www.odiolanavidad.es\/?p=1360"},"modified":"2023-12-30T10:52:27","modified_gmt":"2023-12-30T10:52:27","slug":"campar-a-mis-anchas","status":"publish","type":"post","link":"https:\/\/www.odiolanavidad.es\/index.php\/2022\/12\/25\/campar-a-mis-anchas\/","title":{"rendered":"Campar a mis anchas"},"content":{"rendered":"\n<p>La foto que ilustra este comentario podr\u00eda estar hecha en casi cualquier parte del pa\u00eds. Intentando no mirar las ideolog\u00edas y creencias de los vecinos (con esfuerzo se puede hacer), ver\u00e1n que detr\u00e1s del rey mago negro de cart\u00f3n hay un altavoz de no desde\u00f1ables dimensiones que, claro, estaba escupiendo villancicos a todo volumen. Y es que como dice mi amigo Miguel \u00abEl problema de esta ciudad (pueblo, villa&#8230;) es que todo el mundo va a lo suyo, menos yo, que voy a lo m\u00edo\u00bb.<\/p>\n\n\n\n<p>Hala, campeen a sus anchas, que no pasa nada.<\/p>\n\n\n\n<figure class=\"wp-block-image size-large\"><img loading=\"lazy\" decoding=\"async\" width=\"1024\" height=\"934\" src=\"https:\/\/www.odiolanavidad.es\/wp-content\/uploads\/2022\/12\/altavoz-balcon-1024x934.jpg\" alt=\"Balcones navide\u00f1os, uno con altavoz incorporado.\" class=\"wp-image-1361\" srcset=\"https:\/\/www.odiolanavidad.es\/wp-content\/uploads\/2022\/12\/altavoz-balcon-1024x934.jpg 1024w, https:\/\/www.odiolanavidad.es\/wp-content\/uploads\/2022\/12\/altavoz-balcon-300x274.jpg 300w, https:\/\/www.odiolanavidad.es\/wp-content\/uploads\/2022\/12\/altavoz-balcon-768x701.jpg 768w, https:\/\/www.odiolanavidad.es\/wp-content\/uploads\/2022\/12\/altavoz-balcon-1536x1401.jpg 1536w, https:\/\/www.odiolanavidad.es\/wp-content\/uploads\/2022\/12\/altavoz-balcon.jpg 1845w\" sizes=\"auto, (max-width: 767px) 89vw, (max-width: 1000px) 54vw, (max-width: 1071px) 543px, 580px\" \/><\/figure>\n","protected":false},"excerpt":{"rendered":"<p>La foto que ilustra este comentario podr\u00eda estar hecha en casi cualquier parte del pa\u00eds. Intentando no mirar las ideolog\u00edas y creencias de los vecinos (con esfuerzo se puede hacer), ver\u00e1n que detr\u00e1s del rey mago negro de cart\u00f3n hay un altavoz de no desde\u00f1ables dimensiones que, claro, estaba escupiendo villancicos a todo volumen. Y &hellip; <\/p>\n<p class=\"link-more\"><a href=\"https:\/\/www.odiolanavidad.es\/index.php\/2022\/12\/25\/campar-a-mis-anchas\/\" class=\"more-link\">Continuar leyendo<span class=\"screen-reader-text\"> \u00abCampar a mis anchas\u00bb<\/span><\/a><\/p>\n","protected":false},"author":1,"featured_media":0,"comment_status":"open","ping_status":"open","sticky":false,"template":"","format":"standard","meta":{"footnotes":""},"categories":[446,1],"tags":[464,169,465],"class_list":["post-1360","post","type-post","status-publish","format-standard","hentry","category-2022-2023","category-inmediata","tag-altavoz","tag-balcon","tag-molestar"],"_links":{"self":[{"href":"https:\/\/www.odiolanavidad.es\/index.php\/wp-json\/wp\/v2\/posts\/1360","targetHints":{"allow":["GET"]}}],"collection":[{"href":"https:\/\/www.odiolanavidad.es\/index.php\/wp-json\/wp\/v2\/posts"}],"about":[{"href":"https:\/\/www.odiolanavidad.es\/index.php\/wp-json\/wp\/v2\/types\/post"}],"author":[{"embeddable":true,"href":"https:\/\/www.odiolanavidad.es\/index.php\/wp-json\/wp\/v2\/users\/1"}],"replies":[{"embeddable":true,"href":"https:\/\/www.odiolanavidad.es\/index.php\/wp-json\/wp\/v2\/comments?post=1360"}],"version-history":[{"count":1,"href":"https:\/\/www.odiolanavidad.es\/index.php\/wp-json\/wp\/v2\/posts\/1360\/revisions"}],"predecessor-version":[{"id":1362,"href":"https:\/\/www.odiolanavidad.es\/index.php\/wp-json\/wp\/v2\/posts\/1360\/revisions\/1362"}],"wp:attachment":[{"href":"https:\/\/www.odiolanavidad.es\/index.php\/wp-json\/wp\/v2\/media?parent=1360"}],"wp:term":[{"taxonomy":"category","embeddable":true,"href":"https:\/\/www.odiolanavidad.es\/index.php\/wp-json\/wp\/v2\/categories?post=1360"},{"taxonomy":"post_tag","embeddable":true,"href":"https:\/\/www.odiolanavidad.es\/index.php\/wp-json\/wp\/v2\/tags?post=1360"}],"curies":[{"name":"wp","href":"https:\/\/api.w.org\/{rel}","templated":true}]}}