{"id":1444,"date":"2023-12-27T19:45:58","date_gmt":"2023-12-27T19:45:58","guid":{"rendered":"https:\/\/www.odiolanavidad.es\/?p=1444"},"modified":"2023-12-29T18:04:24","modified_gmt":"2023-12-29T18:04:24","slug":"pichancico","status":"publish","type":"post","link":"https:\/\/www.odiolanavidad.es\/index.php\/2023\/12\/27\/pichancico\/","title":{"rendered":"Pichancico"},"content":{"rendered":"\n<p>\u00abJuampa y la raja\u00bb es el nombre de un grupo de segovianos salvajes (de Cu\u00e9llar concretamente) que tienen una cancioncilla navide\u00f1a de lo m\u00e1s id\u00f3nea en estas fechas. Oigan, oigan el <a href=\"https:\/\/www.youtube.com\/watch?v=t2nu4mmLnTk\" data-type=\"link\" data-id=\"https:\/\/www.youtube.com\/watch?v=t2nu4mmLnTk\">temazo<\/a> y si se escandalizan (no lo creo despu\u00e9s de la aparici\u00f3n de los \u00abMojinos escoz\u00edos\u00bb) ya saben que siempre pueden irse a Disney Plus* o alguno otro de los \u00f1o\u00f1os lugares que pueblan en inform\u00e1tico mundo.<\/p>\n\n\n\n<figure class=\"wp-block-image size-full\"><a href=\"https:\/\/www.youtube.com\/watch?v=t2nu4mmLnTk\" target=\"_blank\" rel=\"noreferrer noopener\"><img loading=\"lazy\" decoding=\"async\" width=\"958\" height=\"1016\" src=\"https:\/\/www.odiolanavidad.es\/wp-content\/uploads\/2023\/12\/juampa-y-la-raja.png\" alt=\"\" class=\"wp-image-1445\" srcset=\"https:\/\/www.odiolanavidad.es\/wp-content\/uploads\/2023\/12\/juampa-y-la-raja.png 958w, https:\/\/www.odiolanavidad.es\/wp-content\/uploads\/2023\/12\/juampa-y-la-raja-283x300.png 283w, https:\/\/www.odiolanavidad.es\/wp-content\/uploads\/2023\/12\/juampa-y-la-raja-768x814.png 768w\" sizes=\"auto, (max-width: 767px) 89vw, (max-width: 1000px) 54vw, (max-width: 1071px) 543px, 580px\" \/><\/a><\/figure>\n\n\n\n<ul class=\"wp-block-list\">\n<li>Pron\u00fanciese plus y no plas, ya que es palabra latina y como tal debemos pronunciarla. A ver si van a venir ahora los yanquis a reinventar el lat\u00edn.<\/li>\n<\/ul>\n","protected":false},"excerpt":{"rendered":"<p>\u00abJuampa y la raja\u00bb es el nombre de un grupo de segovianos salvajes (de Cu\u00e9llar concretamente) que tienen una cancioncilla navide\u00f1a de lo m\u00e1s id\u00f3nea en estas fechas. Oigan, oigan el temazo y si se escandalizan (no lo creo despu\u00e9s de la aparici\u00f3n de los \u00abMojinos escoz\u00edos\u00bb) ya saben que siempre pueden irse a Disney &hellip; <\/p>\n<p class=\"link-more\"><a href=\"https:\/\/www.odiolanavidad.es\/index.php\/2023\/12\/27\/pichancico\/\" class=\"more-link\">Continuar leyendo<span class=\"screen-reader-text\"> \u00abPichancico\u00bb<\/span><\/a><\/p>\n","protected":false},"author":1,"featured_media":0,"comment_status":"open","ping_status":"open","sticky":false,"template":"","format":"standard","meta":{"footnotes":""},"categories":[473,1],"tags":[499,498,494,500],"class_list":["post-1444","post","type-post","status-publish","format-standard","hentry","category-2023-2024","category-inmediata","tag-cuellar","tag-juampa-y-la-raja","tag-pichancico","tag-segovia"],"_links":{"self":[{"href":"https:\/\/www.odiolanavidad.es\/index.php\/wp-json\/wp\/v2\/posts\/1444","targetHints":{"allow":["GET"]}}],"collection":[{"href":"https:\/\/www.odiolanavidad.es\/index.php\/wp-json\/wp\/v2\/posts"}],"about":[{"href":"https:\/\/www.odiolanavidad.es\/index.php\/wp-json\/wp\/v2\/types\/post"}],"author":[{"embeddable":true,"href":"https:\/\/www.odiolanavidad.es\/index.php\/wp-json\/wp\/v2\/users\/1"}],"replies":[{"embeddable":true,"href":"https:\/\/www.odiolanavidad.es\/index.php\/wp-json\/wp\/v2\/comments?post=1444"}],"version-history":[{"count":1,"href":"https:\/\/www.odiolanavidad.es\/index.php\/wp-json\/wp\/v2\/posts\/1444\/revisions"}],"predecessor-version":[{"id":1446,"href":"https:\/\/www.odiolanavidad.es\/index.php\/wp-json\/wp\/v2\/posts\/1444\/revisions\/1446"}],"wp:attachment":[{"href":"https:\/\/www.odiolanavidad.es\/index.php\/wp-json\/wp\/v2\/media?parent=1444"}],"wp:term":[{"taxonomy":"category","embeddable":true,"href":"https:\/\/www.odiolanavidad.es\/index.php\/wp-json\/wp\/v2\/categories?post=1444"},{"taxonomy":"post_tag","embeddable":true,"href":"https:\/\/www.odiolanavidad.es\/index.php\/wp-json\/wp\/v2\/tags?post=1444"}],"curies":[{"name":"wp","href":"https:\/\/api.w.org\/{rel}","templated":true}]}}