{"id":1453,"date":"2023-12-29T18:03:39","date_gmt":"2023-12-29T18:03:39","guid":{"rendered":"https:\/\/www.odiolanavidad.es\/?p=1453"},"modified":"2024-01-03T23:24:05","modified_gmt":"2024-01-03T23:24:05","slug":"va-de-exageraciones","status":"publish","type":"post","link":"https:\/\/www.odiolanavidad.es\/index.php\/2023\/12\/29\/va-de-exageraciones\/","title":{"rendered":"Va de exageraciones"},"content":{"rendered":"\n<p>Vean los dos ejemplos de exageraciones decorativas que he capturado hoy en Federico Anaya, uno enfrente del otro, qui\u00e9n sabe si por competir.<\/p>\n\n\n\n<p>Este que ven debajo es el m\u00e1s colorido y llamativo entre otras cosas por la variedad de chismes luminosos que me recuerdan a las atracciones de feria.<\/p>\n\n\n\n<figure class=\"wp-block-image size-large\"><img loading=\"lazy\" decoding=\"async\" width=\"1024\" height=\"720\" src=\"https:\/\/www.odiolanavidad.es\/wp-content\/uploads\/2023\/12\/exagerado-2-1024x720.jpg\" alt=\"\" class=\"wp-image-1455\" srcset=\"https:\/\/www.odiolanavidad.es\/wp-content\/uploads\/2023\/12\/exagerado-2-1024x720.jpg 1024w, https:\/\/www.odiolanavidad.es\/wp-content\/uploads\/2023\/12\/exagerado-2-300x211.jpg 300w, https:\/\/www.odiolanavidad.es\/wp-content\/uploads\/2023\/12\/exagerado-2-768x540.jpg 768w, https:\/\/www.odiolanavidad.es\/wp-content\/uploads\/2023\/12\/exagerado-2-1536x1081.jpg 1536w, https:\/\/www.odiolanavidad.es\/wp-content\/uploads\/2023\/12\/exagerado-2-2048x1441.jpg 2048w\" sizes=\"auto, (max-width: 767px) 89vw, (max-width: 1000px) 54vw, (max-width: 1071px) 543px, 580px\" \/><\/figure>\n\n\n\n<p>Pero este otro tiene m\u00e1s m\u00e9rito, porque la distancia entre las ventanas de la parte derecha no ser\u00e1 menor de 5 o 6 metros. Adem\u00e1s, aunque no se vea en la foto, tambi\u00e9n gira en las dos esquinas (izquierda y derecha), as\u00ed que la guirnaldita en cuesti\u00f3n debe medir entre 15 y 20 metros. No est\u00e1 mal para el concurso de exageraciones.<\/p>\n\n\n\n<figure class=\"wp-block-image size-large\"><img loading=\"lazy\" decoding=\"async\" width=\"1024\" height=\"684\" src=\"https:\/\/www.odiolanavidad.es\/wp-content\/uploads\/2023\/12\/exagerado-1-1-1024x684.jpg\" alt=\"\" class=\"wp-image-1456\" srcset=\"https:\/\/www.odiolanavidad.es\/wp-content\/uploads\/2023\/12\/exagerado-1-1-1024x684.jpg 1024w, https:\/\/www.odiolanavidad.es\/wp-content\/uploads\/2023\/12\/exagerado-1-1-300x200.jpg 300w, https:\/\/www.odiolanavidad.es\/wp-content\/uploads\/2023\/12\/exagerado-1-1-768x513.jpg 768w, https:\/\/www.odiolanavidad.es\/wp-content\/uploads\/2023\/12\/exagerado-1-1-1536x1026.jpg 1536w, https:\/\/www.odiolanavidad.es\/wp-content\/uploads\/2023\/12\/exagerado-1-1-2048x1367.jpg 2048w\" sizes=\"auto, (max-width: 767px) 89vw, (max-width: 1000px) 54vw, (max-width: 1071px) 543px, 580px\" \/><\/figure>\n\n\n\n<p>Una cuesti\u00f3n digna de estudio es la raz\u00f3n de que muchas (casi todas) sean de tem\u00e1tica que los cristianos llaman \u00abpagana\u00bb y que -en mi experiencia al menos- son colocadas con creencias religiosas judeo-cristianas m\u00e1s que manifiestas.<\/p>\n","protected":false},"excerpt":{"rendered":"<p>Vean los dos ejemplos de exageraciones decorativas que he capturado hoy en Federico Anaya, uno enfrente del otro, qui\u00e9n sabe si por competir. Este que ven debajo es el m\u00e1s colorido y llamativo entre otras cosas por la variedad de chismes luminosos que me recuerdan a las atracciones de feria. Pero este otro tiene m\u00e1s &hellip; <\/p>\n<p class=\"link-more\"><a href=\"https:\/\/www.odiolanavidad.es\/index.php\/2023\/12\/29\/va-de-exageraciones\/\" class=\"more-link\">Continuar leyendo<span class=\"screen-reader-text\"> \u00abVa de exageraciones\u00bb<\/span><\/a><\/p>\n","protected":false},"author":1,"featured_media":0,"comment_status":"open","ping_status":"open","sticky":false,"template":"","format":"standard","meta":{"footnotes":""},"categories":[473,1],"tags":[501,502,13,503],"class_list":["post-1453","post","type-post","status-publish","format-standard","hentry","category-2023-2024","category-inmediata","tag-exageraciones","tag-exagerados","tag-luces","tag-paganos"],"_links":{"self":[{"href":"https:\/\/www.odiolanavidad.es\/index.php\/wp-json\/wp\/v2\/posts\/1453","targetHints":{"allow":["GET"]}}],"collection":[{"href":"https:\/\/www.odiolanavidad.es\/index.php\/wp-json\/wp\/v2\/posts"}],"about":[{"href":"https:\/\/www.odiolanavidad.es\/index.php\/wp-json\/wp\/v2\/types\/post"}],"author":[{"embeddable":true,"href":"https:\/\/www.odiolanavidad.es\/index.php\/wp-json\/wp\/v2\/users\/1"}],"replies":[{"embeddable":true,"href":"https:\/\/www.odiolanavidad.es\/index.php\/wp-json\/wp\/v2\/comments?post=1453"}],"version-history":[{"count":1,"href":"https:\/\/www.odiolanavidad.es\/index.php\/wp-json\/wp\/v2\/posts\/1453\/revisions"}],"predecessor-version":[{"id":1457,"href":"https:\/\/www.odiolanavidad.es\/index.php\/wp-json\/wp\/v2\/posts\/1453\/revisions\/1457"}],"wp:attachment":[{"href":"https:\/\/www.odiolanavidad.es\/index.php\/wp-json\/wp\/v2\/media?parent=1453"}],"wp:term":[{"taxonomy":"category","embeddable":true,"href":"https:\/\/www.odiolanavidad.es\/index.php\/wp-json\/wp\/v2\/categories?post=1453"},{"taxonomy":"post_tag","embeddable":true,"href":"https:\/\/www.odiolanavidad.es\/index.php\/wp-json\/wp\/v2\/tags?post=1453"}],"curies":[{"name":"wp","href":"https:\/\/api.w.org\/{rel}","templated":true}]}}