{"id":1485,"date":"2024-12-17T15:55:55","date_gmt":"2024-12-17T15:55:55","guid":{"rendered":"https:\/\/www.odiolanavidad.es\/?p=1485"},"modified":"2024-12-20T00:00:27","modified_gmt":"2024-12-20T00:00:27","slug":"espectaculo-en-marcha-cortina-de-luces","status":"publish","type":"post","link":"https:\/\/www.odiolanavidad.es\/index.php\/2024\/12\/17\/espectaculo-en-marcha-cortina-de-luces\/","title":{"rendered":"Espect\u00e1culo en marcha: cortina de luces"},"content":{"rendered":"\n<p>No crean los pocos visitantes que por aqu\u00ed aparecen que este a\u00f1o me he olvidado del blog. En absoluto. De hecho ya se me cay\u00f3 la mand\u00edbula cuando a final de septiembre o inicio de octubre vi los turrones, polvorones y otras mandangas navide\u00f1as en los supermercados. A este paso se nos va a juntar el inicio con el final y nos va a durar la puta navidad todo el santo a\u00f1o.<\/p>\n\n\n\n<p>Aqu\u00ed les dejo la muestra de un balc\u00f3n de Badalona en el que el vecino ha hecho su decoraci\u00f3n navide\u00f1a con un invento nuevo a nivel dom\u00e9stico: la cortina de luces que va cambiando con una animaci\u00f3n ad hoc. Vivir para ver.<\/p>\n\n\n\n<figure class=\"wp-block-image size-large\"><img loading=\"lazy\" decoding=\"async\" width=\"1024\" height=\"683\" src=\"https:\/\/www.odiolanavidad.es\/wp-content\/uploads\/2024\/12\/balcon-ventana-badalona-1024x683.jpg\" alt=\"balc\u00f3n con cortina animada de luces led\" class=\"wp-image-1486\" srcset=\"https:\/\/www.odiolanavidad.es\/wp-content\/uploads\/2024\/12\/balcon-ventana-badalona-1024x683.jpg 1024w, https:\/\/www.odiolanavidad.es\/wp-content\/uploads\/2024\/12\/balcon-ventana-badalona-300x200.jpg 300w, https:\/\/www.odiolanavidad.es\/wp-content\/uploads\/2024\/12\/balcon-ventana-badalona-768x512.jpg 768w, https:\/\/www.odiolanavidad.es\/wp-content\/uploads\/2024\/12\/balcon-ventana-badalona.jpg 1200w\" sizes=\"auto, (max-width: 767px) 89vw, (max-width: 1000px) 54vw, (max-width: 1071px) 543px, 580px\" \/><\/figure>\n","protected":false},"excerpt":{"rendered":"<p>No crean los pocos visitantes que por aqu\u00ed aparecen que este a\u00f1o me he olvidado del blog. En absoluto. De hecho ya se me cay\u00f3 la mand\u00edbula cuando a final de septiembre o inicio de octubre vi los turrones, polvorones y otras mandangas navide\u00f1as en los supermercados. A este paso se nos va a juntar &hellip; <\/p>\n<p class=\"link-more\"><a href=\"https:\/\/www.odiolanavidad.es\/index.php\/2024\/12\/17\/espectaculo-en-marcha-cortina-de-luces\/\" class=\"more-link\">Continuar leyendo<span class=\"screen-reader-text\"> \u00abEspect\u00e1culo en marcha: cortina de luces\u00bb<\/span><\/a><\/p>\n","protected":false},"author":1,"featured_media":0,"comment_status":"open","ping_status":"open","sticky":false,"template":"","format":"standard","meta":{"footnotes":""},"categories":[515,1],"tags":[169,516,13],"class_list":["post-1485","post","type-post","status-publish","format-standard","hentry","category-2024-2025","category-inmediata","tag-balcon","tag-cortina","tag-luces"],"_links":{"self":[{"href":"https:\/\/www.odiolanavidad.es\/index.php\/wp-json\/wp\/v2\/posts\/1485","targetHints":{"allow":["GET"]}}],"collection":[{"href":"https:\/\/www.odiolanavidad.es\/index.php\/wp-json\/wp\/v2\/posts"}],"about":[{"href":"https:\/\/www.odiolanavidad.es\/index.php\/wp-json\/wp\/v2\/types\/post"}],"author":[{"embeddable":true,"href":"https:\/\/www.odiolanavidad.es\/index.php\/wp-json\/wp\/v2\/users\/1"}],"replies":[{"embeddable":true,"href":"https:\/\/www.odiolanavidad.es\/index.php\/wp-json\/wp\/v2\/comments?post=1485"}],"version-history":[{"count":1,"href":"https:\/\/www.odiolanavidad.es\/index.php\/wp-json\/wp\/v2\/posts\/1485\/revisions"}],"predecessor-version":[{"id":1487,"href":"https:\/\/www.odiolanavidad.es\/index.php\/wp-json\/wp\/v2\/posts\/1485\/revisions\/1487"}],"wp:attachment":[{"href":"https:\/\/www.odiolanavidad.es\/index.php\/wp-json\/wp\/v2\/media?parent=1485"}],"wp:term":[{"taxonomy":"category","embeddable":true,"href":"https:\/\/www.odiolanavidad.es\/index.php\/wp-json\/wp\/v2\/categories?post=1485"},{"taxonomy":"post_tag","embeddable":true,"href":"https:\/\/www.odiolanavidad.es\/index.php\/wp-json\/wp\/v2\/tags?post=1485"}],"curies":[{"name":"wp","href":"https:\/\/api.w.org\/{rel}","templated":true}]}}