{"id":149,"date":"2009-12-26T01:00:13","date_gmt":"2009-12-26T01:00:13","guid":{"rendered":"https:\/\/www.odiolanavidad.es\/?p=149"},"modified":"2021-03-22T19:24:49","modified_gmt":"2021-03-22T19:24:49","slug":"una-de-corridas","status":"publish","type":"post","link":"https:\/\/www.odiolanavidad.es\/index.php\/2009\/12\/26\/una-de-corridas\/","title":{"rendered":"Una de corridas"},"content":{"rendered":"\n<p>Ahora que est\u00e1 caliente el tema, no me resisto a \nmostrar una parte del megal\u00f3mano belencito \nhortero-charri-carpeto-vet\u00f3nico con el que cada navidad los se\u00f1ores de \nuna casa sita en el Paseo de Canalejas de Salamanca nos deleitan. Entre \nlos engendros mec\u00e1nicos existentes en semejante aberraci\u00f3n \nhist\u00f3rico-festiva se encuentra una peque\u00f1a plaza de toros de maestro \nbarrigudo y borrach\u00edn con torito rond\u00f3n ensangrentado,&nbsp;demostraci\u00f3n del \norgullo que algunos de los habitantes de estas vetustas tierras muestran\n para con las asechanzas y escarnios de los astados animalitos. Pero \ncomo el Hombre es el Rey de la Creaci\u00f3n (n\u00f3tese el uso de may\u00fasculas) \ntiene derecho a \u00e9stas y otras salvajadas practicadas indistintamente con\n bichos de inferior condici\u00f3n, sean de una o dos patas, blancos o \nnegros, ind\u00edgenas o compadres.<br><\/p>\n\n\n\n<figure class=\"wp-block-image size-large\"><img loading=\"lazy\" decoding=\"async\" width=\"800\" height=\"600\" src=\"https:\/\/www.odiolanavidad.es\/wp-content\/uploads\/2019\/12\/una_de_corridas.jpg\" alt=\"Corrida en un bel\u00e9n\" class=\"wp-image-446\" srcset=\"https:\/\/www.odiolanavidad.es\/wp-content\/uploads\/2019\/12\/una_de_corridas.jpg 800w, https:\/\/www.odiolanavidad.es\/wp-content\/uploads\/2019\/12\/una_de_corridas-300x225.jpg 300w, https:\/\/www.odiolanavidad.es\/wp-content\/uploads\/2019\/12\/una_de_corridas-768x576.jpg 768w\" sizes=\"auto, (max-width: 767px) 89vw, (max-width: 1000px) 54vw, (max-width: 1071px) 543px, 580px\" \/><figcaption>Corrida en un bel\u00e9n<\/figcaption><\/figure>\n","protected":false},"excerpt":{"rendered":"<p>Ahora que est\u00e1 caliente el tema, no me resisto a mostrar una parte del megal\u00f3mano belencito hortero-charri-carpeto-vet\u00f3nico con el que cada navidad los se\u00f1ores de una casa sita en el Paseo de Canalejas de Salamanca nos deleitan. Entre los engendros mec\u00e1nicos existentes en semejante aberraci\u00f3n hist\u00f3rico-festiva se encuentra una peque\u00f1a plaza de toros de maestro &hellip; <\/p>\n<p class=\"link-more\"><a href=\"https:\/\/www.odiolanavidad.es\/index.php\/2009\/12\/26\/una-de-corridas\/\" class=\"more-link\">Continuar leyendo<span class=\"screen-reader-text\"> \u00abUna de corridas\u00bb<\/span><\/a><\/p>\n","protected":false},"author":1,"featured_media":0,"comment_status":"open","ping_status":"open","sticky":false,"template":"","format":"standard","meta":{"footnotes":""},"categories":[5],"tags":[102,258,166,88],"class_list":["post-149","post","type-post","status-publish","format-standard","hentry","category-2009-2010","tag-belen","tag-corridas","tag-megalomania","tag-salamanca"],"_links":{"self":[{"href":"https:\/\/www.odiolanavidad.es\/index.php\/wp-json\/wp\/v2\/posts\/149","targetHints":{"allow":["GET"]}}],"collection":[{"href":"https:\/\/www.odiolanavidad.es\/index.php\/wp-json\/wp\/v2\/posts"}],"about":[{"href":"https:\/\/www.odiolanavidad.es\/index.php\/wp-json\/wp\/v2\/types\/post"}],"author":[{"embeddable":true,"href":"https:\/\/www.odiolanavidad.es\/index.php\/wp-json\/wp\/v2\/users\/1"}],"replies":[{"embeddable":true,"href":"https:\/\/www.odiolanavidad.es\/index.php\/wp-json\/wp\/v2\/comments?post=149"}],"version-history":[{"count":3,"href":"https:\/\/www.odiolanavidad.es\/index.php\/wp-json\/wp\/v2\/posts\/149\/revisions"}],"predecessor-version":[{"id":1142,"href":"https:\/\/www.odiolanavidad.es\/index.php\/wp-json\/wp\/v2\/posts\/149\/revisions\/1142"}],"wp:attachment":[{"href":"https:\/\/www.odiolanavidad.es\/index.php\/wp-json\/wp\/v2\/media?parent=149"}],"wp:term":[{"taxonomy":"category","embeddable":true,"href":"https:\/\/www.odiolanavidad.es\/index.php\/wp-json\/wp\/v2\/categories?post=149"},{"taxonomy":"post_tag","embeddable":true,"href":"https:\/\/www.odiolanavidad.es\/index.php\/wp-json\/wp\/v2\/tags?post=149"}],"curies":[{"name":"wp","href":"https:\/\/api.w.org\/{rel}","templated":true}]}}