{"id":1500,"date":"2024-12-21T19:25:00","date_gmt":"2024-12-21T19:25:00","guid":{"rendered":"https:\/\/www.odiolanavidad.es\/?p=1500"},"modified":"2024-12-20T15:42:04","modified_gmt":"2024-12-20T15:42:04","slug":"llamenme-iconoclasta","status":"publish","type":"post","link":"https:\/\/www.odiolanavidad.es\/index.php\/2024\/12\/21\/llamenme-iconoclasta\/","title":{"rendered":"Ll\u00e1menme iconoclasta&#8230;"},"content":{"rendered":"\n<p>&#8230; solo si no perciben la sutil iron\u00eda que el af\u00e1n de innovaci\u00f3n, el ansia mercantil y el uso de la tradici\u00f3n navide\u00f1a ha conseguido en este producto.<\/p>\n\n\n\n<p>Por si no se viese la foto aclarar\u00e9 que se trata de unas velas que se encontraban a la venta en la feria \u00abEco-raya\u00bb (Eco-raia\u00bb en versi\u00f3n portuguesa) que se celebr\u00f3 hace pocas fechas en Salamanca. La empresa de explotaci\u00f3n ap\u00edcola que ten\u00eda este puesto hab\u00eda colocado unas velas como muestra de lo que se puede llegar a hacer con los productos de las abejas. En este caso con la cera que, en estos tiempos que corren de electrificaci\u00f3n masiva, en su uso como velas lo menos importante viene siendo que puedan arder.<\/p>\n\n\n\n<figure class=\"wp-block-image size-full\"><img loading=\"lazy\" decoding=\"async\" width=\"994\" height=\"728\" src=\"https:\/\/www.odiolanavidad.es\/wp-content\/uploads\/2024\/12\/misterio-cera-feria-muestras-salamanca.jpg\" alt=\"\" class=\"wp-image-1501\" srcset=\"https:\/\/www.odiolanavidad.es\/wp-content\/uploads\/2024\/12\/misterio-cera-feria-muestras-salamanca.jpg 994w, https:\/\/www.odiolanavidad.es\/wp-content\/uploads\/2024\/12\/misterio-cera-feria-muestras-salamanca-300x220.jpg 300w, https:\/\/www.odiolanavidad.es\/wp-content\/uploads\/2024\/12\/misterio-cera-feria-muestras-salamanca-768x562.jpg 768w\" sizes=\"auto, (max-width: 767px) 89vw, (max-width: 1000px) 54vw, (max-width: 1071px) 543px, 580px\" \/><figcaption class=\"wp-element-caption\">Exif_JPEG_420<\/figcaption><\/figure>\n\n\n\n<p>Por eso los diferentes modelos de vela eran imaginativos: un osito, una oveja, unos hex\u00e1gonos y, hemos llegado, una escultura que inclu\u00eda el sanjos\u00e9 con capa y sosteniendo un farol y la virgen sosteniendo al ni\u00f1o dios. De la cabeza del capado -el de la capa, enti\u00e9ndase- la mecha amenazaba e instru\u00eda al uso de la escultura: arder e iluminar. Lo de la iluminaci\u00f3n como uso masivo en estas fechas de cortos d\u00edas est\u00e1 explicado y justificado, la costumbre de animar al sol a su nuevo nacimiento es m\u00e1s antigua -dicen los estudiosos- que los m\u00e1s ancianos textos de la biblia.<\/p>\n\n\n\n<p>Me ronda la cabeza un recuerdo, el de una pintada que hace a\u00f1os decoraba una valla junto a la carretera de Guadarrama -Madrid- y que dec\u00eda \u00abla \u00fanica iglesia que ilumina es la que arde\u00bb. Juntando vela y recuerdo saldr\u00eda aquello de \u00abla \u00fanica vela que ilumina es la que arde\u00bb pero como es algo iconoclasta vista la reflexi\u00f3n anterior, no seguiremos por ese camino.<\/p>\n\n\n\n<p><\/p>\n","protected":false},"excerpt":{"rendered":"<p>&#8230; solo si no perciben la sutil iron\u00eda que el af\u00e1n de innovaci\u00f3n, el ansia mercantil y el uso de la tradici\u00f3n navide\u00f1a ha conseguido en este producto. Por si no se viese la foto aclarar\u00e9 que se trata de unas velas que se encontraban a la venta en la feria \u00abEco-raya\u00bb (Eco-raia\u00bb en versi\u00f3n &hellip; <\/p>\n<p class=\"link-more\"><a href=\"https:\/\/www.odiolanavidad.es\/index.php\/2024\/12\/21\/llamenme-iconoclasta\/\" class=\"more-link\">Continuar leyendo<span class=\"screen-reader-text\"> \u00abLl\u00e1menme iconoclasta&#8230;\u00bb<\/span><\/a><\/p>\n","protected":false},"author":1,"featured_media":0,"comment_status":"open","ping_status":"open","sticky":false,"template":"","format":"standard","meta":{"footnotes":""},"categories":[515,1],"tags":[526,525,527,186,46],"class_list":["post-1500","post","type-post","status-publish","format-standard","hentry","category-2024-2025","category-inmediata","tag-abeja","tag-cera","tag-iconoclasta","tag-misterio","tag-pintada"],"_links":{"self":[{"href":"https:\/\/www.odiolanavidad.es\/index.php\/wp-json\/wp\/v2\/posts\/1500","targetHints":{"allow":["GET"]}}],"collection":[{"href":"https:\/\/www.odiolanavidad.es\/index.php\/wp-json\/wp\/v2\/posts"}],"about":[{"href":"https:\/\/www.odiolanavidad.es\/index.php\/wp-json\/wp\/v2\/types\/post"}],"author":[{"embeddable":true,"href":"https:\/\/www.odiolanavidad.es\/index.php\/wp-json\/wp\/v2\/users\/1"}],"replies":[{"embeddable":true,"href":"https:\/\/www.odiolanavidad.es\/index.php\/wp-json\/wp\/v2\/comments?post=1500"}],"version-history":[{"count":1,"href":"https:\/\/www.odiolanavidad.es\/index.php\/wp-json\/wp\/v2\/posts\/1500\/revisions"}],"predecessor-version":[{"id":1502,"href":"https:\/\/www.odiolanavidad.es\/index.php\/wp-json\/wp\/v2\/posts\/1500\/revisions\/1502"}],"wp:attachment":[{"href":"https:\/\/www.odiolanavidad.es\/index.php\/wp-json\/wp\/v2\/media?parent=1500"}],"wp:term":[{"taxonomy":"category","embeddable":true,"href":"https:\/\/www.odiolanavidad.es\/index.php\/wp-json\/wp\/v2\/categories?post=1500"},{"taxonomy":"post_tag","embeddable":true,"href":"https:\/\/www.odiolanavidad.es\/index.php\/wp-json\/wp\/v2\/tags?post=1500"}],"curies":[{"name":"wp","href":"https:\/\/api.w.org\/{rel}","templated":true}]}}