{"id":1512,"date":"2024-12-26T21:47:33","date_gmt":"2024-12-26T21:47:33","guid":{"rendered":"https:\/\/www.odiolanavidad.es\/?p=1512"},"modified":"2024-12-23T21:52:40","modified_gmt":"2024-12-23T21:52:40","slug":"no-es-una-broma","status":"publish","type":"post","link":"https:\/\/www.odiolanavidad.es\/index.php\/2024\/12\/26\/no-es-una-broma\/","title":{"rendered":"No es una broma"},"content":{"rendered":"\n<p>En la foto se aprecia -desde la acera- c\u00f3mo los t\u00e9cnicos municipales salmantinos han colocado una guirnalda navide\u00f1a delante de un sem\u00e1foro, tapando la parte superior. Se encuentra en la avenida de Portugal junto al cruce con Torres Villarroel.<\/p>\n\n\n\n<p>Desde el asiento del conductor la cosa es peor porque la cubre totalmente. Esperemos que no tal instalaci\u00f3n no provoque ning\u00fan accidente de circulaci\u00f3n.<\/p>\n\n\n\n<figure class=\"wp-block-image size-large\"><img loading=\"lazy\" decoding=\"async\" width=\"1024\" height=\"737\" src=\"https:\/\/www.odiolanavidad.es\/wp-content\/uploads\/2024\/12\/luz-navidad-tapando-semaforo-salamanca-1024x737.jpg\" alt=\"\" class=\"wp-image-1513\" srcset=\"https:\/\/www.odiolanavidad.es\/wp-content\/uploads\/2024\/12\/luz-navidad-tapando-semaforo-salamanca-1024x737.jpg 1024w, https:\/\/www.odiolanavidad.es\/wp-content\/uploads\/2024\/12\/luz-navidad-tapando-semaforo-salamanca-300x216.jpg 300w, https:\/\/www.odiolanavidad.es\/wp-content\/uploads\/2024\/12\/luz-navidad-tapando-semaforo-salamanca-768x553.jpg 768w, https:\/\/www.odiolanavidad.es\/wp-content\/uploads\/2024\/12\/luz-navidad-tapando-semaforo-salamanca-1536x1106.jpg 1536w, https:\/\/www.odiolanavidad.es\/wp-content\/uploads\/2024\/12\/luz-navidad-tapando-semaforo-salamanca.jpg 2044w\" sizes=\"auto, (max-width: 767px) 89vw, (max-width: 1000px) 54vw, (max-width: 1071px) 543px, 580px\" \/><\/figure>\n","protected":false},"excerpt":{"rendered":"<p>En la foto se aprecia -desde la acera- c\u00f3mo los t\u00e9cnicos municipales salmantinos han colocado una guirnalda navide\u00f1a delante de un sem\u00e1foro, tapando la parte superior. Se encuentra en la avenida de Portugal junto al cruce con Torres Villarroel. Desde el asiento del conductor la cosa es peor porque la cubre totalmente. Esperemos que no &hellip; <\/p>\n<p class=\"link-more\"><a href=\"https:\/\/www.odiolanavidad.es\/index.php\/2024\/12\/26\/no-es-una-broma\/\" class=\"more-link\">Continuar leyendo<span class=\"screen-reader-text\"> \u00abNo es una broma\u00bb<\/span><\/a><\/p>\n","protected":false},"author":1,"featured_media":0,"comment_status":"open","ping_status":"open","sticky":false,"template":"","format":"standard","meta":{"footnotes":""},"categories":[515,1],"tags":[544,13,88,543],"class_list":["post-1512","post","type-post","status-publish","format-standard","hentry","category-2024-2025","category-inmediata","tag-avenida-portugal","tag-luces","tag-salamanca","tag-semaforo"],"_links":{"self":[{"href":"https:\/\/www.odiolanavidad.es\/index.php\/wp-json\/wp\/v2\/posts\/1512","targetHints":{"allow":["GET"]}}],"collection":[{"href":"https:\/\/www.odiolanavidad.es\/index.php\/wp-json\/wp\/v2\/posts"}],"about":[{"href":"https:\/\/www.odiolanavidad.es\/index.php\/wp-json\/wp\/v2\/types\/post"}],"author":[{"embeddable":true,"href":"https:\/\/www.odiolanavidad.es\/index.php\/wp-json\/wp\/v2\/users\/1"}],"replies":[{"embeddable":true,"href":"https:\/\/www.odiolanavidad.es\/index.php\/wp-json\/wp\/v2\/comments?post=1512"}],"version-history":[{"count":1,"href":"https:\/\/www.odiolanavidad.es\/index.php\/wp-json\/wp\/v2\/posts\/1512\/revisions"}],"predecessor-version":[{"id":1514,"href":"https:\/\/www.odiolanavidad.es\/index.php\/wp-json\/wp\/v2\/posts\/1512\/revisions\/1514"}],"wp:attachment":[{"href":"https:\/\/www.odiolanavidad.es\/index.php\/wp-json\/wp\/v2\/media?parent=1512"}],"wp:term":[{"taxonomy":"category","embeddable":true,"href":"https:\/\/www.odiolanavidad.es\/index.php\/wp-json\/wp\/v2\/categories?post=1512"},{"taxonomy":"post_tag","embeddable":true,"href":"https:\/\/www.odiolanavidad.es\/index.php\/wp-json\/wp\/v2\/tags?post=1512"}],"curies":[{"name":"wp","href":"https:\/\/api.w.org\/{rel}","templated":true}]}}