{"id":1515,"date":"2024-12-27T21:52:55","date_gmt":"2024-12-27T21:52:55","guid":{"rendered":"https:\/\/www.odiolanavidad.es\/?p=1515"},"modified":"2024-12-23T22:19:03","modified_gmt":"2024-12-23T22:19:03","slug":"dosis-de-exageracion","status":"publish","type":"post","link":"https:\/\/www.odiolanavidad.es\/index.php\/2024\/12\/27\/dosis-de-exageracion\/","title":{"rendered":"Dosis de exageraci\u00f3n"},"content":{"rendered":"\n<p>Hace ya algunos a\u00f1os publiqu\u00e9 la foto de una instalaci\u00f3n de Santa Claus en moto que estaba en el paseo de Canalejas de Salamanca. Un rato de estos volver\u00e9 a ver si el barbudo maniqu\u00ed a\u00fan permanece en su atalaya.<\/p>\n\n\n\n<p>Para hacerle la competencia ah\u00ed les va esta foto hecha en la calle Juan de Juni de la capital charra.  Este no tiene moto, pero el balc\u00f3n y su instalaci\u00f3n son tan exageradas como la otra. Casi, por el detalle del veh\u00edculo.<\/p>\n\n\n\n<p>Me pregunto d\u00f3nde tendr\u00e1n almacenados estos trastos durante los 11 meses restantes.<\/p>\n\n\n\n<figure class=\"wp-block-image size-large\"><img loading=\"lazy\" decoding=\"async\" width=\"1024\" height=\"896\" src=\"https:\/\/www.odiolanavidad.es\/wp-content\/uploads\/2024\/12\/papa-noel-en-balcon-salamanca-1024x896.jpg\" alt=\"\" class=\"wp-image-1516\" srcset=\"https:\/\/www.odiolanavidad.es\/wp-content\/uploads\/2024\/12\/papa-noel-en-balcon-salamanca-1024x896.jpg 1024w, https:\/\/www.odiolanavidad.es\/wp-content\/uploads\/2024\/12\/papa-noel-en-balcon-salamanca-300x262.jpg 300w, https:\/\/www.odiolanavidad.es\/wp-content\/uploads\/2024\/12\/papa-noel-en-balcon-salamanca-768x672.jpg 768w, https:\/\/www.odiolanavidad.es\/wp-content\/uploads\/2024\/12\/papa-noel-en-balcon-salamanca.jpg 1534w\" sizes=\"auto, (max-width: 767px) 89vw, (max-width: 1000px) 54vw, (max-width: 1071px) 543px, 580px\" \/><\/figure>\n","protected":false},"excerpt":{"rendered":"<p>Hace ya algunos a\u00f1os publiqu\u00e9 la foto de una instalaci\u00f3n de Santa Claus en moto que estaba en el paseo de Canalejas de Salamanca. Un rato de estos volver\u00e9 a ver si el barbudo maniqu\u00ed a\u00fan permanece en su atalaya. Para hacerle la competencia ah\u00ed les va esta foto hecha en la calle Juan de &hellip; <\/p>\n<p class=\"link-more\"><a href=\"https:\/\/www.odiolanavidad.es\/index.php\/2024\/12\/27\/dosis-de-exageracion\/\" class=\"more-link\">Continuar leyendo<span class=\"screen-reader-text\"> \u00abDosis de exageraci\u00f3n\u00bb<\/span><\/a><\/p>\n","protected":false},"author":1,"featured_media":0,"comment_status":"open","ping_status":"open","sticky":false,"template":"","format":"standard","meta":{"footnotes":""},"categories":[515,1],"tags":[546,545,34,167,26,76],"class_list":["post-1515","post","type-post","status-publish","format-standard","hentry","category-2024-2025","category-inmediata","tag-canalejas","tag-juan-de-juni","tag-maniqui","tag-moto","tag-papa-noel","tag-santa-claus"],"_links":{"self":[{"href":"https:\/\/www.odiolanavidad.es\/index.php\/wp-json\/wp\/v2\/posts\/1515","targetHints":{"allow":["GET"]}}],"collection":[{"href":"https:\/\/www.odiolanavidad.es\/index.php\/wp-json\/wp\/v2\/posts"}],"about":[{"href":"https:\/\/www.odiolanavidad.es\/index.php\/wp-json\/wp\/v2\/types\/post"}],"author":[{"embeddable":true,"href":"https:\/\/www.odiolanavidad.es\/index.php\/wp-json\/wp\/v2\/users\/1"}],"replies":[{"embeddable":true,"href":"https:\/\/www.odiolanavidad.es\/index.php\/wp-json\/wp\/v2\/comments?post=1515"}],"version-history":[{"count":1,"href":"https:\/\/www.odiolanavidad.es\/index.php\/wp-json\/wp\/v2\/posts\/1515\/revisions"}],"predecessor-version":[{"id":1517,"href":"https:\/\/www.odiolanavidad.es\/index.php\/wp-json\/wp\/v2\/posts\/1515\/revisions\/1517"}],"wp:attachment":[{"href":"https:\/\/www.odiolanavidad.es\/index.php\/wp-json\/wp\/v2\/media?parent=1515"}],"wp:term":[{"taxonomy":"category","embeddable":true,"href":"https:\/\/www.odiolanavidad.es\/index.php\/wp-json\/wp\/v2\/categories?post=1515"},{"taxonomy":"post_tag","embeddable":true,"href":"https:\/\/www.odiolanavidad.es\/index.php\/wp-json\/wp\/v2\/tags?post=1515"}],"curies":[{"name":"wp","href":"https:\/\/api.w.org\/{rel}","templated":true}]}}