{"id":1544,"date":"2025-01-02T18:07:54","date_gmt":"2025-01-02T18:07:54","guid":{"rendered":"https:\/\/www.odiolanavidad.es\/?p=1544"},"modified":"2025-01-02T18:07:56","modified_gmt":"2025-01-02T18:07:56","slug":"seguimos-con-cerdadas","status":"publish","type":"post","link":"https:\/\/www.odiolanavidad.es\/index.php\/2025\/01\/02\/seguimos-con-cerdadas\/","title":{"rendered":"Seguimos con cerdadas"},"content":{"rendered":"\n<p>No hay a\u00f1o que no vea un belencito con cerdos. Ni uno solo, ni hecho en casa, ni en el cole o en alguna instituci\u00f3n. Nada, que de cultura andamos flojos, muy flojos, lo que nos lleva a ignorar que los jud\u00edos no comen cerdo. Y ese Jesusito ni\u00f1o que todos estos misterios emulan era, no se olvide, jud\u00edo hasta la m\u00e9dula: de padrastro y madre. Del padre no sabemos vista la historia que nos cuentan.<\/p>\n\n\n\n<p>Resumiendo: que de cerdos nada de nada. As\u00ed que vayan quitando los choncitos para la pr\u00f3xima temporada, porfa.<\/p>\n\n\n\n<figure class=\"wp-block-image size-large\"><img loading=\"lazy\" decoding=\"async\" width=\"1024\" height=\"768\" src=\"https:\/\/www.odiolanavidad.es\/wp-content\/uploads\/2025\/01\/cerditos-en-el-belen-1024x768.jpg\" alt=\"\" class=\"wp-image-1545\" srcset=\"https:\/\/www.odiolanavidad.es\/wp-content\/uploads\/2025\/01\/cerditos-en-el-belen-1024x768.jpg 1024w, https:\/\/www.odiolanavidad.es\/wp-content\/uploads\/2025\/01\/cerditos-en-el-belen-300x225.jpg 300w, https:\/\/www.odiolanavidad.es\/wp-content\/uploads\/2025\/01\/cerditos-en-el-belen-768x576.jpg 768w, https:\/\/www.odiolanavidad.es\/wp-content\/uploads\/2025\/01\/cerditos-en-el-belen-1536x1152.jpg 1536w, https:\/\/www.odiolanavidad.es\/wp-content\/uploads\/2025\/01\/cerditos-en-el-belen.jpg 1600w\" sizes=\"auto, (max-width: 767px) 89vw, (max-width: 1000px) 54vw, (max-width: 1071px) 543px, 580px\" \/><figcaption class=\"wp-element-caption\">Exif_JPEG_420<\/figcaption><\/figure>\n","protected":false},"excerpt":{"rendered":"<p>No hay a\u00f1o que no vea un belencito con cerdos. Ni uno solo, ni hecho en casa, ni en el cole o en alguna instituci\u00f3n. Nada, que de cultura andamos flojos, muy flojos, lo que nos lleva a ignorar que los jud\u00edos no comen cerdo. Y ese Jesusito ni\u00f1o que todos estos misterios emulan era, &hellip; <\/p>\n<p class=\"link-more\"><a href=\"https:\/\/www.odiolanavidad.es\/index.php\/2025\/01\/02\/seguimos-con-cerdadas\/\" class=\"more-link\">Continuar leyendo<span class=\"screen-reader-text\"> \u00abSeguimos con cerdadas\u00bb<\/span><\/a><\/p>\n","protected":false},"author":1,"featured_media":0,"comment_status":"open","ping_status":"open","sticky":false,"template":"","format":"standard","meta":{"footnotes":""},"categories":[515,1],"tags":[418,103,564,566,565,186],"class_list":["post-1544","post","type-post","status-publish","format-standard","hentry","category-2024-2025","category-inmediata","tag-belen-2","tag-belenes","tag-cerditos","tag-cultura","tag-judios-2","tag-misterio"],"_links":{"self":[{"href":"https:\/\/www.odiolanavidad.es\/index.php\/wp-json\/wp\/v2\/posts\/1544","targetHints":{"allow":["GET"]}}],"collection":[{"href":"https:\/\/www.odiolanavidad.es\/index.php\/wp-json\/wp\/v2\/posts"}],"about":[{"href":"https:\/\/www.odiolanavidad.es\/index.php\/wp-json\/wp\/v2\/types\/post"}],"author":[{"embeddable":true,"href":"https:\/\/www.odiolanavidad.es\/index.php\/wp-json\/wp\/v2\/users\/1"}],"replies":[{"embeddable":true,"href":"https:\/\/www.odiolanavidad.es\/index.php\/wp-json\/wp\/v2\/comments?post=1544"}],"version-history":[{"count":1,"href":"https:\/\/www.odiolanavidad.es\/index.php\/wp-json\/wp\/v2\/posts\/1544\/revisions"}],"predecessor-version":[{"id":1546,"href":"https:\/\/www.odiolanavidad.es\/index.php\/wp-json\/wp\/v2\/posts\/1544\/revisions\/1546"}],"wp:attachment":[{"href":"https:\/\/www.odiolanavidad.es\/index.php\/wp-json\/wp\/v2\/media?parent=1544"}],"wp:term":[{"taxonomy":"category","embeddable":true,"href":"https:\/\/www.odiolanavidad.es\/index.php\/wp-json\/wp\/v2\/categories?post=1544"},{"taxonomy":"post_tag","embeddable":true,"href":"https:\/\/www.odiolanavidad.es\/index.php\/wp-json\/wp\/v2\/tags?post=1544"}],"curies":[{"name":"wp","href":"https:\/\/api.w.org\/{rel}","templated":true}]}}