{"id":1556,"date":"2025-01-06T13:01:46","date_gmt":"2025-01-06T13:01:46","guid":{"rendered":"https:\/\/www.odiolanavidad.es\/?p=1556"},"modified":"2025-01-06T13:01:47","modified_gmt":"2025-01-06T13:01:47","slug":"de-orgia-en-orgia-y-tiro-porque-me-toca","status":"publish","type":"post","link":"https:\/\/www.odiolanavidad.es\/index.php\/2025\/01\/06\/de-orgia-en-orgia-y-tiro-porque-me-toca\/","title":{"rendered":"De org\u00eda en org\u00eda y tiro porque me toca"},"content":{"rendered":"\n<p>Esta foto est\u00e1 tomada hace apenas una hora. En El Corte Ingl\u00e9s de Salamanca el propio d\u00eda 6 de enero se retira el cartel navide\u00f1o y se coloca el de las rebajas. El mundo debe seguir el curso consumista cuyo final es la pared llamada recursos limitados del planeta. Hacia la cual, dicho sea de paso, vamos acelerando con alegr\u00eda inusitada.<\/p>\n\n\n\n<p>Hala, a comprar, a comprar que el mundo se va a acabar como dec\u00eda mi amiga Mariangeles Vilches.<\/p>\n\n\n\n<figure class=\"wp-block-image size-large\"><img loading=\"lazy\" decoding=\"async\" width=\"950\" height=\"1024\" src=\"https:\/\/www.odiolanavidad.es\/wp-content\/uploads\/2025\/01\/de-orgia-en-orgia-rebajas-el-6-de-enero-950x1024.jpg\" alt=\"\" class=\"wp-image-1557\" srcset=\"https:\/\/www.odiolanavidad.es\/wp-content\/uploads\/2025\/01\/de-orgia-en-orgia-rebajas-el-6-de-enero-950x1024.jpg 950w, https:\/\/www.odiolanavidad.es\/wp-content\/uploads\/2025\/01\/de-orgia-en-orgia-rebajas-el-6-de-enero-278x300.jpg 278w, https:\/\/www.odiolanavidad.es\/wp-content\/uploads\/2025\/01\/de-orgia-en-orgia-rebajas-el-6-de-enero-768x828.jpg 768w, https:\/\/www.odiolanavidad.es\/wp-content\/uploads\/2025\/01\/de-orgia-en-orgia-rebajas-el-6-de-enero-1425x1536.jpg 1425w, https:\/\/www.odiolanavidad.es\/wp-content\/uploads\/2025\/01\/de-orgia-en-orgia-rebajas-el-6-de-enero-1901x2048.jpg 1901w\" sizes=\"auto, (max-width: 767px) 89vw, (max-width: 1000px) 54vw, (max-width: 1071px) 543px, 580px\" \/><\/figure>\n\n\n\n<p><\/p>\n","protected":false},"excerpt":{"rendered":"<p>Esta foto est\u00e1 tomada hace apenas una hora. En El Corte Ingl\u00e9s de Salamanca el propio d\u00eda 6 de enero se retira el cartel navide\u00f1o y se coloca el de las rebajas. El mundo debe seguir el curso consumista cuyo final es la pared llamada recursos limitados del planeta. Hacia la cual, dicho sea de &hellip; <\/p>\n<p class=\"link-more\"><a href=\"https:\/\/www.odiolanavidad.es\/index.php\/2025\/01\/06\/de-orgia-en-orgia-y-tiro-porque-me-toca\/\" class=\"more-link\">Continuar leyendo<span class=\"screen-reader-text\"> \u00abDe org\u00eda en org\u00eda y tiro porque me toca\u00bb<\/span><\/a><\/p>\n","protected":false},"author":1,"featured_media":0,"comment_status":"open","ping_status":"open","sticky":false,"template":"","format":"standard","meta":{"footnotes":""},"categories":[515,1],"tags":[573,574,572],"class_list":["post-1556","post","type-post","status-publish","format-standard","hentry","category-2024-2025","category-inmediata","tag-corte-ingles-2","tag-orgia-consumista","tag-rebajas"],"_links":{"self":[{"href":"https:\/\/www.odiolanavidad.es\/index.php\/wp-json\/wp\/v2\/posts\/1556","targetHints":{"allow":["GET"]}}],"collection":[{"href":"https:\/\/www.odiolanavidad.es\/index.php\/wp-json\/wp\/v2\/posts"}],"about":[{"href":"https:\/\/www.odiolanavidad.es\/index.php\/wp-json\/wp\/v2\/types\/post"}],"author":[{"embeddable":true,"href":"https:\/\/www.odiolanavidad.es\/index.php\/wp-json\/wp\/v2\/users\/1"}],"replies":[{"embeddable":true,"href":"https:\/\/www.odiolanavidad.es\/index.php\/wp-json\/wp\/v2\/comments?post=1556"}],"version-history":[{"count":1,"href":"https:\/\/www.odiolanavidad.es\/index.php\/wp-json\/wp\/v2\/posts\/1556\/revisions"}],"predecessor-version":[{"id":1558,"href":"https:\/\/www.odiolanavidad.es\/index.php\/wp-json\/wp\/v2\/posts\/1556\/revisions\/1558"}],"wp:attachment":[{"href":"https:\/\/www.odiolanavidad.es\/index.php\/wp-json\/wp\/v2\/media?parent=1556"}],"wp:term":[{"taxonomy":"category","embeddable":true,"href":"https:\/\/www.odiolanavidad.es\/index.php\/wp-json\/wp\/v2\/categories?post=1556"},{"taxonomy":"post_tag","embeddable":true,"href":"https:\/\/www.odiolanavidad.es\/index.php\/wp-json\/wp\/v2\/tags?post=1556"}],"curies":[{"name":"wp","href":"https:\/\/api.w.org\/{rel}","templated":true}]}}