{"id":1588,"date":"2025-12-07T01:18:00","date_gmt":"2025-12-07T01:18:00","guid":{"rendered":"https:\/\/www.odiolanavidad.es\/?p=1588"},"modified":"2025-12-06T22:23:33","modified_gmt":"2025-12-06T22:23:33","slug":"al-rico-colorin","status":"publish","type":"post","link":"https:\/\/www.odiolanavidad.es\/index.php\/2025\/12\/07\/al-rico-colorin\/","title":{"rendered":"Al rico color\u00edn"},"content":{"rendered":"\n<p>Esa costumbrita de poner alfombras rojas en los espacios p\u00fablicos que rodean las tiendas, como si fuesen privados, me pone malito. \u00bfPero es que de verdad piensan que el plantar telitas rojas en el suelo va a mejorar las ventas? Higi\u00e9ncamente es mejor no pensar en c\u00f3mo quedar\u00e1n despu\u00e9s de unos d\u00edas de lluvias, transe\u00fantes, contaminaci\u00f3n y heces de mascotas, pero est\u00e9ticamente ser\u00e1 a\u00fan peor. La que ilustra la foto est\u00e1 en la calle Palominos de Salamanca esquina con calle San Pablo y es una tienda de jamones y embutidos. Mira, el color al menos tiene algo que ver, al menos durante unos d\u00edas.<\/p>\n\n\n\n<figure class=\"wp-block-image size-large\"><img loading=\"lazy\" decoding=\"async\" width=\"1024\" height=\"768\" src=\"https:\/\/www.odiolanavidad.es\/wp-content\/uploads\/2025\/12\/alfombra-calle-palominos-san-pablo-1024x768.jpg\" alt=\"\" class=\"wp-image-1589\" srcset=\"https:\/\/www.odiolanavidad.es\/wp-content\/uploads\/2025\/12\/alfombra-calle-palominos-san-pablo-1024x768.jpg 1024w, https:\/\/www.odiolanavidad.es\/wp-content\/uploads\/2025\/12\/alfombra-calle-palominos-san-pablo-300x225.jpg 300w, https:\/\/www.odiolanavidad.es\/wp-content\/uploads\/2025\/12\/alfombra-calle-palominos-san-pablo-768x576.jpg 768w, https:\/\/www.odiolanavidad.es\/wp-content\/uploads\/2025\/12\/alfombra-calle-palominos-san-pablo-1536x1152.jpg 1536w, https:\/\/www.odiolanavidad.es\/wp-content\/uploads\/2025\/12\/alfombra-calle-palominos-san-pablo.jpg 1600w\" sizes=\"auto, (max-width: 767px) 89vw, (max-width: 1000px) 54vw, (max-width: 1071px) 543px, 580px\" \/><\/figure>\n","protected":false},"excerpt":{"rendered":"<p>Esa costumbrita de poner alfombras rojas en los espacios p\u00fablicos que rodean las tiendas, como si fuesen privados, me pone malito. \u00bfPero es que de verdad piensan que el plantar telitas rojas en el suelo va a mejorar las ventas? Higi\u00e9ncamente es mejor no pensar en c\u00f3mo quedar\u00e1n despu\u00e9s de unos d\u00edas de lluvias, transe\u00fantes, &hellip; <\/p>\n<p class=\"link-more\"><a href=\"https:\/\/www.odiolanavidad.es\/index.php\/2025\/12\/07\/al-rico-colorin\/\" class=\"more-link\">Continuar leyendo<span class=\"screen-reader-text\"> \u00abAl rico color\u00edn\u00bb<\/span><\/a><\/p>\n","protected":false},"author":1,"featured_media":0,"comment_status":"open","ping_status":"open","sticky":false,"template":"","format":"standard","meta":{"footnotes":""},"categories":[579,1],"tags":[580,262,88],"class_list":["post-1588","post","type-post","status-publish","format-standard","hentry","category-2025-2026","category-inmediata","tag-alfombra","tag-alfombra-roja","tag-salamanca"],"_links":{"self":[{"href":"https:\/\/www.odiolanavidad.es\/index.php\/wp-json\/wp\/v2\/posts\/1588","targetHints":{"allow":["GET"]}}],"collection":[{"href":"https:\/\/www.odiolanavidad.es\/index.php\/wp-json\/wp\/v2\/posts"}],"about":[{"href":"https:\/\/www.odiolanavidad.es\/index.php\/wp-json\/wp\/v2\/types\/post"}],"author":[{"embeddable":true,"href":"https:\/\/www.odiolanavidad.es\/index.php\/wp-json\/wp\/v2\/users\/1"}],"replies":[{"embeddable":true,"href":"https:\/\/www.odiolanavidad.es\/index.php\/wp-json\/wp\/v2\/comments?post=1588"}],"version-history":[{"count":1,"href":"https:\/\/www.odiolanavidad.es\/index.php\/wp-json\/wp\/v2\/posts\/1588\/revisions"}],"predecessor-version":[{"id":1590,"href":"https:\/\/www.odiolanavidad.es\/index.php\/wp-json\/wp\/v2\/posts\/1588\/revisions\/1590"}],"wp:attachment":[{"href":"https:\/\/www.odiolanavidad.es\/index.php\/wp-json\/wp\/v2\/media?parent=1588"}],"wp:term":[{"taxonomy":"category","embeddable":true,"href":"https:\/\/www.odiolanavidad.es\/index.php\/wp-json\/wp\/v2\/categories?post=1588"},{"taxonomy":"post_tag","embeddable":true,"href":"https:\/\/www.odiolanavidad.es\/index.php\/wp-json\/wp\/v2\/tags?post=1588"}],"curies":[{"name":"wp","href":"https:\/\/api.w.org\/{rel}","templated":true}]}}