{"id":159,"date":"2009-12-29T11:32:34","date_gmt":"2009-12-29T11:32:34","guid":{"rendered":"https:\/\/www.odiolanavidad.es\/?p=159"},"modified":"2021-03-22T19:24:49","modified_gmt":"2021-03-22T19:24:49","slug":"la-navidad-como-consumo","status":"publish","type":"post","link":"https:\/\/www.odiolanavidad.es\/index.php\/2009\/12\/29\/la-navidad-como-consumo\/","title":{"rendered":"La navidad como consumo"},"content":{"rendered":"\n<p>Horrenda decoraci\u00f3n de una de las m\u00e1s bellas plazas del \nmundo nos regala nuestro ay-untamiento. Como motivo principal varios \nlacitos de regalo como demostraci\u00f3n evidente de lo que piensa el \nayunta-miento de Salamanca, que la navidad es para consumir.<\/p>\n\n\n\n<p>Este  a\u00f1o al menos han quitado las cintas que envolv\u00edan, bueno, en realidad  las han hecho cachitos y las han puesto en la Gran V\u00eda, que hay crisis.<\/p>\n\n\n\n<figure class=\"wp-block-image size-large\"><img loading=\"lazy\" decoding=\"async\" width=\"800\" height=\"600\" src=\"https:\/\/www.odiolanavidad.es\/wp-content\/uploads\/2019\/12\/plaza_mayor_salamanca_navidad_2009_2010_general.jpg\" alt=\"\u00c1rbol c\u00f3nico de LED en la plaza\" class=\"wp-image-444\" srcset=\"https:\/\/www.odiolanavidad.es\/wp-content\/uploads\/2019\/12\/plaza_mayor_salamanca_navidad_2009_2010_general.jpg 800w, https:\/\/www.odiolanavidad.es\/wp-content\/uploads\/2019\/12\/plaza_mayor_salamanca_navidad_2009_2010_general-300x225.jpg 300w, https:\/\/www.odiolanavidad.es\/wp-content\/uploads\/2019\/12\/plaza_mayor_salamanca_navidad_2009_2010_general-768x576.jpg 768w\" sizes=\"auto, (max-width: 767px) 89vw, (max-width: 1000px) 54vw, (max-width: 1071px) 543px, 580px\" \/><figcaption>\u00c1rbol c\u00f3nico de LED en la plaza<\/figcaption><\/figure>\n\n\n\n<figure class=\"wp-block-image size-large\"><img loading=\"lazy\" decoding=\"async\" width=\"600\" height=\"800\" src=\"https:\/\/www.odiolanavidad.es\/wp-content\/uploads\/2019\/12\/plaza_mayor_salamanca_navidad_2009_2010_lacito.jpg\" alt=\"Lazo de LED en la plaza\" class=\"wp-image-445\" srcset=\"https:\/\/www.odiolanavidad.es\/wp-content\/uploads\/2019\/12\/plaza_mayor_salamanca_navidad_2009_2010_lacito.jpg 600w, https:\/\/www.odiolanavidad.es\/wp-content\/uploads\/2019\/12\/plaza_mayor_salamanca_navidad_2009_2010_lacito-225x300.jpg 225w\" sizes=\"auto, (max-width: 600px) 100vw, 600px\" \/><figcaption>Lazo de LED en la plaza<\/figcaption><\/figure>\n","protected":false},"excerpt":{"rendered":"<p>Horrenda decoraci\u00f3n de una de las m\u00e1s bellas plazas del mundo nos regala nuestro ay-untamiento. Como motivo principal varios lacitos de regalo como demostraci\u00f3n evidente de lo que piensa el ayunta-miento de Salamanca, que la navidad es para consumir. Este a\u00f1o al menos han quitado las cintas que envolv\u00edan, bueno, en realidad las han hecho &hellip; <\/p>\n<p class=\"link-more\"><a href=\"https:\/\/www.odiolanavidad.es\/index.php\/2009\/12\/29\/la-navidad-como-consumo\/\" class=\"more-link\">Continuar leyendo<span class=\"screen-reader-text\"> \u00abLa navidad como consumo\u00bb<\/span><\/a><\/p>\n","protected":false},"author":1,"featured_media":0,"comment_status":"open","ping_status":"open","sticky":false,"template":"","format":"standard","meta":{"footnotes":""},"categories":[5],"tags":[144,205,31,37,87,88],"class_list":["post-159","post","type-post","status-publish","format-standard","hentry","category-2009-2010","tag-consumismo","tag-consumo","tag-led","tag-navidad","tag-plaza-mayor","tag-salamanca"],"_links":{"self":[{"href":"https:\/\/www.odiolanavidad.es\/index.php\/wp-json\/wp\/v2\/posts\/159","targetHints":{"allow":["GET"]}}],"collection":[{"href":"https:\/\/www.odiolanavidad.es\/index.php\/wp-json\/wp\/v2\/posts"}],"about":[{"href":"https:\/\/www.odiolanavidad.es\/index.php\/wp-json\/wp\/v2\/types\/post"}],"author":[{"embeddable":true,"href":"https:\/\/www.odiolanavidad.es\/index.php\/wp-json\/wp\/v2\/users\/1"}],"replies":[{"embeddable":true,"href":"https:\/\/www.odiolanavidad.es\/index.php\/wp-json\/wp\/v2\/comments?post=159"}],"version-history":[{"count":5,"href":"https:\/\/www.odiolanavidad.es\/index.php\/wp-json\/wp\/v2\/posts\/159\/revisions"}],"predecessor-version":[{"id":1148,"href":"https:\/\/www.odiolanavidad.es\/index.php\/wp-json\/wp\/v2\/posts\/159\/revisions\/1148"}],"wp:attachment":[{"href":"https:\/\/www.odiolanavidad.es\/index.php\/wp-json\/wp\/v2\/media?parent=159"}],"wp:term":[{"taxonomy":"category","embeddable":true,"href":"https:\/\/www.odiolanavidad.es\/index.php\/wp-json\/wp\/v2\/categories?post=159"},{"taxonomy":"post_tag","embeddable":true,"href":"https:\/\/www.odiolanavidad.es\/index.php\/wp-json\/wp\/v2\/tags?post=159"}],"curies":[{"name":"wp","href":"https:\/\/api.w.org\/{rel}","templated":true}]}}