{"id":1608,"date":"2025-12-14T23:51:07","date_gmt":"2025-12-14T23:51:07","guid":{"rendered":"https:\/\/www.odiolanavidad.es\/?p=1608"},"modified":"2025-12-14T23:51:08","modified_gmt":"2025-12-14T23:51:08","slug":"millones-de-iluminados","status":"publish","type":"post","link":"https:\/\/www.odiolanavidad.es\/index.php\/2025\/12\/14\/millones-de-iluminados\/","title":{"rendered":"Millones de iluminados"},"content":{"rendered":"\n<p>La pasi\u00f3n por la lucecita no conoce l\u00edmites ni fronteras. El otro d\u00eda en Toledo vi un camino de luces que coronaba el paso por el famoso puente sobre el Tajo. El puento no estaba iluminado m\u00e1s que una cobertura a modo de palio, o sea, lo bonito sin luz y luego miles de ellas para nada. En Salamanca, en uno de los laterales de la catedral nueva han hecho una cosa similar, la que les dejo en la foto -mala- de m\u00e1s abajo.<\/p>\n\n\n\n<figure class=\"wp-block-image size-large\"><img loading=\"lazy\" decoding=\"async\" width=\"1024\" height=\"768\" src=\"https:\/\/www.odiolanavidad.es\/wp-content\/uploads\/2025\/12\/techo-de-luces-calle-san-vicente-ferrer-salamanca-1024x768.jpg\" alt=\"\" class=\"wp-image-1609\" srcset=\"https:\/\/www.odiolanavidad.es\/wp-content\/uploads\/2025\/12\/techo-de-luces-calle-san-vicente-ferrer-salamanca-1024x768.jpg 1024w, https:\/\/www.odiolanavidad.es\/wp-content\/uploads\/2025\/12\/techo-de-luces-calle-san-vicente-ferrer-salamanca-300x225.jpg 300w, https:\/\/www.odiolanavidad.es\/wp-content\/uploads\/2025\/12\/techo-de-luces-calle-san-vicente-ferrer-salamanca-768x576.jpg 768w, https:\/\/www.odiolanavidad.es\/wp-content\/uploads\/2025\/12\/techo-de-luces-calle-san-vicente-ferrer-salamanca-1536x1152.jpg 1536w, https:\/\/www.odiolanavidad.es\/wp-content\/uploads\/2025\/12\/techo-de-luces-calle-san-vicente-ferrer-salamanca.jpg 1600w\" sizes=\"auto, (max-width: 767px) 89vw, (max-width: 1000px) 54vw, (max-width: 1071px) 543px, 580px\" \/><\/figure>\n","protected":false},"excerpt":{"rendered":"<p>La pasi\u00f3n por la lucecita no conoce l\u00edmites ni fronteras. El otro d\u00eda en Toledo vi un camino de luces que coronaba el paso por el famoso puente sobre el Tajo. El puento no estaba iluminado m\u00e1s que una cobertura a modo de palio, o sea, lo bonito sin luz y luego miles de ellas &hellip; <\/p>\n<p class=\"link-more\"><a href=\"https:\/\/www.odiolanavidad.es\/index.php\/2025\/12\/14\/millones-de-iluminados\/\" class=\"more-link\">Continuar leyendo<span class=\"screen-reader-text\"> \u00abMillones de iluminados\u00bb<\/span><\/a><\/p>\n","protected":false},"author":1,"featured_media":0,"comment_status":"open","ping_status":"open","sticky":false,"template":"","format":"standard","meta":{"footnotes":""},"categories":[579],"tags":[13,42,88,592,591],"class_list":["post-1608","post","type-post","status-publish","format-standard","hentry","category-2025-2026","tag-luces","tag-palio","tag-salamanca","tag-techo","tag-toledo"],"_links":{"self":[{"href":"https:\/\/www.odiolanavidad.es\/index.php\/wp-json\/wp\/v2\/posts\/1608","targetHints":{"allow":["GET"]}}],"collection":[{"href":"https:\/\/www.odiolanavidad.es\/index.php\/wp-json\/wp\/v2\/posts"}],"about":[{"href":"https:\/\/www.odiolanavidad.es\/index.php\/wp-json\/wp\/v2\/types\/post"}],"author":[{"embeddable":true,"href":"https:\/\/www.odiolanavidad.es\/index.php\/wp-json\/wp\/v2\/users\/1"}],"replies":[{"embeddable":true,"href":"https:\/\/www.odiolanavidad.es\/index.php\/wp-json\/wp\/v2\/comments?post=1608"}],"version-history":[{"count":1,"href":"https:\/\/www.odiolanavidad.es\/index.php\/wp-json\/wp\/v2\/posts\/1608\/revisions"}],"predecessor-version":[{"id":1610,"href":"https:\/\/www.odiolanavidad.es\/index.php\/wp-json\/wp\/v2\/posts\/1608\/revisions\/1610"}],"wp:attachment":[{"href":"https:\/\/www.odiolanavidad.es\/index.php\/wp-json\/wp\/v2\/media?parent=1608"}],"wp:term":[{"taxonomy":"category","embeddable":true,"href":"https:\/\/www.odiolanavidad.es\/index.php\/wp-json\/wp\/v2\/categories?post=1608"},{"taxonomy":"post_tag","embeddable":true,"href":"https:\/\/www.odiolanavidad.es\/index.php\/wp-json\/wp\/v2\/tags?post=1608"}],"curies":[{"name":"wp","href":"https:\/\/api.w.org\/{rel}","templated":true}]}}