{"id":1621,"date":"2025-12-23T00:11:09","date_gmt":"2025-12-23T00:11:09","guid":{"rendered":"https:\/\/www.odiolanavidad.es\/?p=1621"},"modified":"2025-12-23T00:11:11","modified_gmt":"2025-12-23T00:11:11","slug":"total-por-un-quitame-alla-esas-pajas","status":"publish","type":"post","link":"https:\/\/www.odiolanavidad.es\/index.php\/2025\/12\/23\/total-por-un-quitame-alla-esas-pajas\/","title":{"rendered":"Total por un \u00abqu\u00edtame all\u00e1 esas pajas\u00bb&#8230;"},"content":{"rendered":"\n<p>Una plaza cerrada para que un mont\u00f3n de tipos (y tipas) vestidos con trapitos rojos y otros aditamentos navide\u00f1os en sus aparatos productores de ruido. Si es que el que se aburre es porque quiere, le\u00f1e. Y el que se molesta tambi\u00e9n. Total, por un poco de ruido, un poco de olor a gasolina y una colecci\u00f3n de horteras (moteras) y horteros (etc.) \u00a1como os pon\u00e9is!<\/p>\n\n\n\n<figure class=\"wp-block-image size-large\"><img loading=\"lazy\" decoding=\"async\" width=\"1024\" height=\"768\" src=\"https:\/\/www.odiolanavidad.es\/wp-content\/uploads\/2025\/12\/moteros-disfrazados-de-papa-noel-1024x768.jpg\" alt=\"\" class=\"wp-image-1622\" srcset=\"https:\/\/www.odiolanavidad.es\/wp-content\/uploads\/2025\/12\/moteros-disfrazados-de-papa-noel-1024x768.jpg 1024w, https:\/\/www.odiolanavidad.es\/wp-content\/uploads\/2025\/12\/moteros-disfrazados-de-papa-noel-300x225.jpg 300w, https:\/\/www.odiolanavidad.es\/wp-content\/uploads\/2025\/12\/moteros-disfrazados-de-papa-noel-768x576.jpg 768w, https:\/\/www.odiolanavidad.es\/wp-content\/uploads\/2025\/12\/moteros-disfrazados-de-papa-noel-1536x1152.jpg 1536w, https:\/\/www.odiolanavidad.es\/wp-content\/uploads\/2025\/12\/moteros-disfrazados-de-papa-noel.jpg 1600w\" sizes=\"auto, (max-width: 767px) 89vw, (max-width: 1000px) 54vw, (max-width: 1071px) 543px, 580px\" \/><\/figure>\n\n\n\n<p>Foto tomada en B\u00e9jar (Salamanca) hace un par de d\u00edas.<\/p>\n","protected":false},"excerpt":{"rendered":"<p>Una plaza cerrada para que un mont\u00f3n de tipos (y tipas) vestidos con trapitos rojos y otros aditamentos navide\u00f1os en sus aparatos productores de ruido. Si es que el que se aburre es porque quiere, le\u00f1e. Y el que se molesta tambi\u00e9n. Total, por un poco de ruido, un poco de olor a gasolina y &hellip; <\/p>\n<p class=\"link-more\"><a href=\"https:\/\/www.odiolanavidad.es\/index.php\/2025\/12\/23\/total-por-un-quitame-alla-esas-pajas\/\" class=\"more-link\">Continuar leyendo<span class=\"screen-reader-text\"> \u00abTotal por un \u00abqu\u00edtame all\u00e1 esas pajas\u00bb&#8230;\u00bb<\/span><\/a><\/p>\n","protected":false},"author":1,"featured_media":0,"comment_status":"open","ping_status":"open","sticky":false,"template":"","format":"standard","meta":{"footnotes":""},"categories":[579],"tags":[111,602,601,448,26,600,88],"class_list":["post-1621","post","type-post","status-publish","format-standard","hentry","category-2025-2026","tag-bejar-2","tag-gasolina","tag-horteras","tag-motos","tag-papa-noel","tag-ruido","tag-salamanca"],"_links":{"self":[{"href":"https:\/\/www.odiolanavidad.es\/index.php\/wp-json\/wp\/v2\/posts\/1621","targetHints":{"allow":["GET"]}}],"collection":[{"href":"https:\/\/www.odiolanavidad.es\/index.php\/wp-json\/wp\/v2\/posts"}],"about":[{"href":"https:\/\/www.odiolanavidad.es\/index.php\/wp-json\/wp\/v2\/types\/post"}],"author":[{"embeddable":true,"href":"https:\/\/www.odiolanavidad.es\/index.php\/wp-json\/wp\/v2\/users\/1"}],"replies":[{"embeddable":true,"href":"https:\/\/www.odiolanavidad.es\/index.php\/wp-json\/wp\/v2\/comments?post=1621"}],"version-history":[{"count":1,"href":"https:\/\/www.odiolanavidad.es\/index.php\/wp-json\/wp\/v2\/posts\/1621\/revisions"}],"predecessor-version":[{"id":1623,"href":"https:\/\/www.odiolanavidad.es\/index.php\/wp-json\/wp\/v2\/posts\/1621\/revisions\/1623"}],"wp:attachment":[{"href":"https:\/\/www.odiolanavidad.es\/index.php\/wp-json\/wp\/v2\/media?parent=1621"}],"wp:term":[{"taxonomy":"category","embeddable":true,"href":"https:\/\/www.odiolanavidad.es\/index.php\/wp-json\/wp\/v2\/categories?post=1621"},{"taxonomy":"post_tag","embeddable":true,"href":"https:\/\/www.odiolanavidad.es\/index.php\/wp-json\/wp\/v2\/tags?post=1621"}],"curies":[{"name":"wp","href":"https:\/\/api.w.org\/{rel}","templated":true}]}}