{"id":169,"date":"2010-01-05T01:00:40","date_gmt":"2010-01-05T01:00:40","guid":{"rendered":"https:\/\/www.odiolanavidad.es\/?p=169"},"modified":"2021-03-22T19:24:49","modified_gmt":"2021-03-22T19:24:49","slug":"ni-los-profesionales","status":"publish","type":"post","link":"https:\/\/www.odiolanavidad.es\/index.php\/2010\/01\/05\/ni-los-profesionales\/","title":{"rendered":"Ni los profesionales"},"content":{"rendered":"\n<p>Ni los profesionales de curar nuestras dolencias se \nlibran del af\u00e1n recaudatorio llamado \u00abesp\u00edritu navide\u00f1o\u00bb. Vean el bonito\n adorno que los dise\u00f1adores de r\u00f3tulos luminosos de farmacias han \nrealizado para nosotros. Y el personal de la farmacia igual piensa que \ncon semejante motivo va a vender m\u00e1s condones. Pues no, se\u00f1ores, no. \nAdem\u00e1s, la temporada navide\u00f1a de los farmace\u00faticos termina en la primera\n semana de febrero con la venta masiva de predictores de embarazos fruto\n de las copas con oro y los tangas rojos de la nochevieja. Ese es el \nverdadero \u00abregalito\u00bb de reyes para m\u00e1s de un incauto\/a.<\/p>\n\n\n\n<figure class=\"wp-block-image size-large\"><img loading=\"lazy\" decoding=\"async\" width=\"600\" height=\"800\" src=\"https:\/\/www.odiolanavidad.es\/wp-content\/uploads\/2019\/12\/farmacia_navidad.jpg\" alt=\"Cartel farmacia\" class=\"wp-image-432\" srcset=\"https:\/\/www.odiolanavidad.es\/wp-content\/uploads\/2019\/12\/farmacia_navidad.jpg 600w, https:\/\/www.odiolanavidad.es\/wp-content\/uploads\/2019\/12\/farmacia_navidad-225x300.jpg 225w\" sizes=\"auto, (max-width: 600px) 100vw, 600px\" \/><figcaption>Cartel farmacia<\/figcaption><\/figure>\n","protected":false},"excerpt":{"rendered":"<p>Ni los profesionales de curar nuestras dolencias se libran del af\u00e1n recaudatorio llamado \u00abesp\u00edritu navide\u00f1o\u00bb. Vean el bonito adorno que los dise\u00f1adores de r\u00f3tulos luminosos de farmacias han realizado para nosotros. Y el personal de la farmacia igual piensa que con semejante motivo va a vender m\u00e1s condones. Pues no, se\u00f1ores, no. Adem\u00e1s, la temporada &hellip; <\/p>\n<p class=\"link-more\"><a href=\"https:\/\/www.odiolanavidad.es\/index.php\/2010\/01\/05\/ni-los-profesionales\/\" class=\"more-link\">Continuar leyendo<span class=\"screen-reader-text\"> \u00abNi los profesionales\u00bb<\/span><\/a><\/p>\n","protected":false},"author":1,"featured_media":0,"comment_status":"open","ping_status":"open","sticky":false,"template":"","format":"standard","meta":{"footnotes":""},"categories":[5],"tags":[324,31,13],"class_list":["post-169","post","type-post","status-publish","format-standard","hentry","category-2009-2010","tag-farmacia","tag-led","tag-luces"],"_links":{"self":[{"href":"https:\/\/www.odiolanavidad.es\/index.php\/wp-json\/wp\/v2\/posts\/169","targetHints":{"allow":["GET"]}}],"collection":[{"href":"https:\/\/www.odiolanavidad.es\/index.php\/wp-json\/wp\/v2\/posts"}],"about":[{"href":"https:\/\/www.odiolanavidad.es\/index.php\/wp-json\/wp\/v2\/types\/post"}],"author":[{"embeddable":true,"href":"https:\/\/www.odiolanavidad.es\/index.php\/wp-json\/wp\/v2\/users\/1"}],"replies":[{"embeddable":true,"href":"https:\/\/www.odiolanavidad.es\/index.php\/wp-json\/wp\/v2\/comments?post=169"}],"version-history":[{"count":3,"href":"https:\/\/www.odiolanavidad.es\/index.php\/wp-json\/wp\/v2\/posts\/169\/revisions"}],"predecessor-version":[{"id":1153,"href":"https:\/\/www.odiolanavidad.es\/index.php\/wp-json\/wp\/v2\/posts\/169\/revisions\/1153"}],"wp:attachment":[{"href":"https:\/\/www.odiolanavidad.es\/index.php\/wp-json\/wp\/v2\/media?parent=169"}],"wp:term":[{"taxonomy":"category","embeddable":true,"href":"https:\/\/www.odiolanavidad.es\/index.php\/wp-json\/wp\/v2\/categories?post=169"},{"taxonomy":"post_tag","embeddable":true,"href":"https:\/\/www.odiolanavidad.es\/index.php\/wp-json\/wp\/v2\/tags?post=169"}],"curies":[{"name":"wp","href":"https:\/\/api.w.org\/{rel}","templated":true}]}}