{"id":181,"date":"2010-12-10T01:06:55","date_gmt":"2010-12-10T01:06:55","guid":{"rendered":"https:\/\/www.odiolanavidad.es\/?p=181"},"modified":"2021-03-22T19:24:49","modified_gmt":"2021-03-22T19:24:49","slug":"seran-imaginaciones-mias","status":"publish","type":"post","link":"https:\/\/www.odiolanavidad.es\/index.php\/2010\/12\/10\/seran-imaginaciones-mias\/","title":{"rendered":"\u00bfSer\u00e1n imaginaciones m\u00edas?"},"content":{"rendered":"\n<p>Me debo estar volviendo paranoico porque veo luces donde\n no las hay, y quiz\u00e1 fantasmas tambi\u00e9n. Uno que yo me s\u00e9 empez\u00f3 as\u00ed, a \nver cosas como una cabra en el medio de la ciudad que luego result\u00f3 ser \nuna vespino y, claro, es que necesitaba gafas. Ayuda, por favor. \u00bfAlguno\n de los lectores ve las reminiscencias entre las luces y el logotipo de \nlas \u00abfascies\u00bb (\u00abhaces\u00bb en castellano)? Eso espero, en otro caso tendr\u00e9 \nque ponerme las gafas de la miop\u00eda mental a la mayor brevedad posible.La\n foto, para el que tenga inter\u00e9s, est\u00e1 tomada en la avenida de Italia de\n Salamanca y el dibujo de un conocido portal de subastas.Vaya: lucecitas, fascies, avenida de Italia, alcalde Lanzarote&#8230; Me traicionan las neuronas y empiezo a ver relaciones&#8230;En fin, a dormir, que ya va siendo hora. <\/p>\n\n\n\n<figure class=\"wp-block-image size-large\"><img loading=\"lazy\" decoding=\"async\" width=\"574\" height=\"498\" src=\"https:\/\/www.odiolanavidad.es\/wp-content\/uploads\/2019\/12\/luces-fascistas-salamanca.jpg\" alt=\"Parecidos razonables: luces y s\u00edmbolo fascista\" class=\"wp-image-486\" srcset=\"https:\/\/www.odiolanavidad.es\/wp-content\/uploads\/2019\/12\/luces-fascistas-salamanca.jpg 574w, https:\/\/www.odiolanavidad.es\/wp-content\/uploads\/2019\/12\/luces-fascistas-salamanca-300x260.jpg 300w\" sizes=\"auto, (max-width: 574px) 100vw, 574px\" \/><figcaption>Parecidos razonables: luces y s\u00edmbolo fascista<\/figcaption><\/figure>\n","protected":false},"excerpt":{"rendered":"<p>Me debo estar volviendo paranoico porque veo luces donde no las hay, y quiz\u00e1 fantasmas tambi\u00e9n. Uno que yo me s\u00e9 empez\u00f3 as\u00ed, a ver cosas como una cabra en el medio de la ciudad que luego result\u00f3 ser una vespino y, claro, es que necesitaba gafas. Ayuda, por favor. \u00bfAlguno de los lectores ve &hellip; <\/p>\n<p class=\"link-more\"><a href=\"https:\/\/www.odiolanavidad.es\/index.php\/2010\/12\/10\/seran-imaginaciones-mias\/\" class=\"more-link\">Continuar leyendo<span class=\"screen-reader-text\"> \u00ab\u00bfSer\u00e1n imaginaciones m\u00edas?\u00bb<\/span><\/a><\/p>\n","protected":false},"author":1,"featured_media":0,"comment_status":"open","ping_status":"open","sticky":false,"template":"","format":"standard","meta":{"footnotes":""},"categories":[6],"tags":[13,318,88],"class_list":["post-181","post","type-post","status-publish","format-standard","hentry","category-2010-2011","tag-luces","tag-paranoia","tag-salamanca"],"_links":{"self":[{"href":"https:\/\/www.odiolanavidad.es\/index.php\/wp-json\/wp\/v2\/posts\/181","targetHints":{"allow":["GET"]}}],"collection":[{"href":"https:\/\/www.odiolanavidad.es\/index.php\/wp-json\/wp\/v2\/posts"}],"about":[{"href":"https:\/\/www.odiolanavidad.es\/index.php\/wp-json\/wp\/v2\/types\/post"}],"author":[{"embeddable":true,"href":"https:\/\/www.odiolanavidad.es\/index.php\/wp-json\/wp\/v2\/users\/1"}],"replies":[{"embeddable":true,"href":"https:\/\/www.odiolanavidad.es\/index.php\/wp-json\/wp\/v2\/comments?post=181"}],"version-history":[{"count":3,"href":"https:\/\/www.odiolanavidad.es\/index.php\/wp-json\/wp\/v2\/posts\/181\/revisions"}],"predecessor-version":[{"id":1155,"href":"https:\/\/www.odiolanavidad.es\/index.php\/wp-json\/wp\/v2\/posts\/181\/revisions\/1155"}],"wp:attachment":[{"href":"https:\/\/www.odiolanavidad.es\/index.php\/wp-json\/wp\/v2\/media?parent=181"}],"wp:term":[{"taxonomy":"category","embeddable":true,"href":"https:\/\/www.odiolanavidad.es\/index.php\/wp-json\/wp\/v2\/categories?post=181"},{"taxonomy":"post_tag","embeddable":true,"href":"https:\/\/www.odiolanavidad.es\/index.php\/wp-json\/wp\/v2\/tags?post=181"}],"curies":[{"name":"wp","href":"https:\/\/api.w.org\/{rel}","templated":true}]}}