{"id":207,"date":"2011-12-01T00:04:06","date_gmt":"2011-12-01T00:04:06","guid":{"rendered":"https:\/\/www.odiolanavidad.es\/?p=207"},"modified":"2021-03-22T19:24:49","modified_gmt":"2021-03-22T19:24:49","slug":"el-abominable-hombre-de-la-navidad","status":"publish","type":"post","link":"https:\/\/www.odiolanavidad.es\/index.php\/2011\/12\/01\/el-abominable-hombre-de-la-navidad\/","title":{"rendered":"El abominable hombre de la navidad"},"content":{"rendered":"\n<p>El dise\u00f1o llevado a su m\u00e1ximo exponente en esta horrenda\n figurilla que quiere parecer un arbolito de Navidad combinado con un \nPap\u00e1 Noel. Un lujo (probablemente asi\u00e1tico) cuya adquisici\u00f3n es posible \nen una tienda de la calle Mayor de Reinoso en B\u00e9jar y seguro en otros \nmil lugares de este puto planeta adorador de mitos.<\/p>\n\n\n\n<figure class=\"wp-block-image size-large\"><img loading=\"lazy\" decoding=\"async\" width=\"600\" height=\"795\" src=\"https:\/\/www.odiolanavidad.es\/wp-content\/uploads\/2019\/12\/abominable-hombre-de-la-navidad.jpg\" alt=\"Abominable hombre de la navidad\" class=\"wp-image-503\" srcset=\"https:\/\/www.odiolanavidad.es\/wp-content\/uploads\/2019\/12\/abominable-hombre-de-la-navidad.jpg 600w, https:\/\/www.odiolanavidad.es\/wp-content\/uploads\/2019\/12\/abominable-hombre-de-la-navidad-226x300.jpg 226w\" sizes=\"auto, (max-width: 600px) 100vw, 600px\" \/><figcaption>Abominable hombre de la navidad<\/figcaption><\/figure>\n","protected":false},"excerpt":{"rendered":"<p>El dise\u00f1o llevado a su m\u00e1ximo exponente en esta horrenda figurilla que quiere parecer un arbolito de Navidad combinado con un Pap\u00e1 Noel. Un lujo (probablemente asi\u00e1tico) cuya adquisici\u00f3n es posible en una tienda de la calle Mayor de Reinoso en B\u00e9jar y seguro en otros mil lugares de este puto planeta adorador de mitos.<\/p>\n","protected":false},"author":1,"featured_media":0,"comment_status":"open","ping_status":"open","sticky":false,"template":"","format":"standard","meta":{"footnotes":""},"categories":[7],"tags":[36,111,56],"class_list":["post-207","post","type-post","status-publish","format-standard","hentry","category-2011-2012","tag-arbol","tag-bejar-2","tag-escaparate"],"_links":{"self":[{"href":"https:\/\/www.odiolanavidad.es\/index.php\/wp-json\/wp\/v2\/posts\/207","targetHints":{"allow":["GET"]}}],"collection":[{"href":"https:\/\/www.odiolanavidad.es\/index.php\/wp-json\/wp\/v2\/posts"}],"about":[{"href":"https:\/\/www.odiolanavidad.es\/index.php\/wp-json\/wp\/v2\/types\/post"}],"author":[{"embeddable":true,"href":"https:\/\/www.odiolanavidad.es\/index.php\/wp-json\/wp\/v2\/users\/1"}],"replies":[{"embeddable":true,"href":"https:\/\/www.odiolanavidad.es\/index.php\/wp-json\/wp\/v2\/comments?post=207"}],"version-history":[{"count":3,"href":"https:\/\/www.odiolanavidad.es\/index.php\/wp-json\/wp\/v2\/posts\/207\/revisions"}],"predecessor-version":[{"id":1167,"href":"https:\/\/www.odiolanavidad.es\/index.php\/wp-json\/wp\/v2\/posts\/207\/revisions\/1167"}],"wp:attachment":[{"href":"https:\/\/www.odiolanavidad.es\/index.php\/wp-json\/wp\/v2\/media?parent=207"}],"wp:term":[{"taxonomy":"category","embeddable":true,"href":"https:\/\/www.odiolanavidad.es\/index.php\/wp-json\/wp\/v2\/categories?post=207"},{"taxonomy":"post_tag","embeddable":true,"href":"https:\/\/www.odiolanavidad.es\/index.php\/wp-json\/wp\/v2\/tags?post=207"}],"curies":[{"name":"wp","href":"https:\/\/api.w.org\/{rel}","templated":true}]}}