{"id":227,"date":"2011-12-24T20:20:15","date_gmt":"2011-12-24T20:20:15","guid":{"rendered":"https:\/\/www.odiolanavidad.es\/?p=227"},"modified":"2021-03-22T19:24:57","modified_gmt":"2021-03-22T19:24:57","slug":"anti-alquimia-munequil","status":"publish","type":"post","link":"https:\/\/www.odiolanavidad.es\/index.php\/2011\/12\/24\/anti-alquimia-munequil\/","title":{"rendered":"Anti-alquimia mu\u00f1equil"},"content":{"rendered":"\n<p>La transformaci\u00f3n del oro en plomo, la conversi\u00f3n de una de las m\u00e1s <a href=\"https:\/\/blog.viajesyfotos.net\/las-plazas-mas-bellas-del-mundo\/\" target=\"_blank\" rel=\"noreferrer noopener\">bellas plazas del mundo<\/a>  en una horrendez digna de aparecer en este y <a href=\"https:\/\/estupidec.es\/eldiario\/\" target=\"_blank\" rel=\"noreferrer noopener\">otros<\/a>  blog. Vean como el consistorio dirigido por <a href=\"https:\/\/es.wikipedia.org\/wiki\/Alfonso_Fernando_Fern%C3%A1ndez_Ma%C3%B1ueco\" target=\"_blank\" rel=\"noreferrer noopener\">Ma\u00f1ueco<\/a>   ha transformado en un horrendo espacio a la espectacular plaza mayor  de Salamanca. La fotograf\u00eda no puede expresar todo el espanto que  produce la contemplaci\u00f3n del espacio tras la intervenci\u00f3n navide\u00f1a. Otro  motivo de oprobio m\u00e1s para odiar la navidad y sus efectos secundarios:  el gasto imb\u00e9cil y la horterada. Espero lectores que no teng\u00e1is que  pasar por el horror decorativos estos d\u00edas. Volved, eso s\u00ed, a este lugar  de belleza simpar transcurridas estas-fechas-tan-se\u00f1aladas. <\/p>\n\n\n\n<figure class=\"wp-block-image size-large\"><img loading=\"lazy\" decoding=\"async\" width=\"800\" height=\"600\" src=\"https:\/\/www.odiolanavidad.es\/wp-content\/uploads\/2019\/12\/horrible-decoracion-plaza-mayor-salamanca.jpg\" alt=\"Bel\u00e9n LED en la plaza mayor de Salamanca\" class=\"wp-image-506\" srcset=\"https:\/\/www.odiolanavidad.es\/wp-content\/uploads\/2019\/12\/horrible-decoracion-plaza-mayor-salamanca.jpg 800w, https:\/\/www.odiolanavidad.es\/wp-content\/uploads\/2019\/12\/horrible-decoracion-plaza-mayor-salamanca-300x225.jpg 300w, https:\/\/www.odiolanavidad.es\/wp-content\/uploads\/2019\/12\/horrible-decoracion-plaza-mayor-salamanca-768x576.jpg 768w\" sizes=\"auto, (max-width: 767px) 89vw, (max-width: 1000px) 54vw, (max-width: 1071px) 543px, 580px\" \/><figcaption>Bel\u00e9n LED en la plaza mayor de Salamanca<\/figcaption><\/figure>\n\n\n\n<p>P.D.\n Igual, pensando un poco m\u00e1s, las fe\u00edsimas luces verdes y rojas son un \ngui\u00f1o a los portugueses que gustan de acudir a la plaza para celebrar el\n a\u00f1o nuevo (espa\u00f1oles no van apenas). En este caso el espanto se ve \ncompensado por el buen gesto de consideraci\u00f3n a los hermanos portugueses\n a los que tan injustamente hemos dado la espalda durante siglos.<\/p>\n","protected":false},"excerpt":{"rendered":"<p>La transformaci\u00f3n del oro en plomo, la conversi\u00f3n de una de las m\u00e1s bellas plazas del mundo en una horrendez digna de aparecer en este y otros blog. Vean como el consistorio dirigido por Ma\u00f1ueco ha transformado en un horrendo espacio a la espectacular plaza mayor de Salamanca. La fotograf\u00eda no puede expresar todo el &hellip; <\/p>\n<p class=\"link-more\"><a href=\"https:\/\/www.odiolanavidad.es\/index.php\/2011\/12\/24\/anti-alquimia-munequil\/\" class=\"more-link\">Continuar leyendo<span class=\"screen-reader-text\"> \u00abAnti-alquimia mu\u00f1equil\u00bb<\/span><\/a><\/p>\n","protected":false},"author":1,"featured_media":0,"comment_status":"open","ping_status":"open","sticky":false,"template":"","format":"standard","meta":{"footnotes":""},"categories":[7],"tags":[31,13,87,88],"class_list":["post-227","post","type-post","status-publish","format-standard","hentry","category-2011-2012","tag-led","tag-luces","tag-plaza-mayor","tag-salamanca"],"_links":{"self":[{"href":"https:\/\/www.odiolanavidad.es\/index.php\/wp-json\/wp\/v2\/posts\/227","targetHints":{"allow":["GET"]}}],"collection":[{"href":"https:\/\/www.odiolanavidad.es\/index.php\/wp-json\/wp\/v2\/posts"}],"about":[{"href":"https:\/\/www.odiolanavidad.es\/index.php\/wp-json\/wp\/v2\/types\/post"}],"author":[{"embeddable":true,"href":"https:\/\/www.odiolanavidad.es\/index.php\/wp-json\/wp\/v2\/users\/1"}],"replies":[{"embeddable":true,"href":"https:\/\/www.odiolanavidad.es\/index.php\/wp-json\/wp\/v2\/comments?post=227"}],"version-history":[{"count":7,"href":"https:\/\/www.odiolanavidad.es\/index.php\/wp-json\/wp\/v2\/posts\/227\/revisions"}],"predecessor-version":[{"id":1180,"href":"https:\/\/www.odiolanavidad.es\/index.php\/wp-json\/wp\/v2\/posts\/227\/revisions\/1180"}],"wp:attachment":[{"href":"https:\/\/www.odiolanavidad.es\/index.php\/wp-json\/wp\/v2\/media?parent=227"}],"wp:term":[{"taxonomy":"category","embeddable":true,"href":"https:\/\/www.odiolanavidad.es\/index.php\/wp-json\/wp\/v2\/categories?post=227"},{"taxonomy":"post_tag","embeddable":true,"href":"https:\/\/www.odiolanavidad.es\/index.php\/wp-json\/wp\/v2\/tags?post=227"}],"curies":[{"name":"wp","href":"https:\/\/api.w.org\/{rel}","templated":true}]}}