{"id":231,"date":"2011-12-27T16:15:00","date_gmt":"2011-12-27T16:15:00","guid":{"rendered":"https:\/\/www.odiolanavidad.es\/?p=231"},"modified":"2021-03-22T19:24:57","modified_gmt":"2021-03-22T19:24:57","slug":"lados-positivos-de-la-crisis","status":"publish","type":"post","link":"https:\/\/www.odiolanavidad.es\/index.php\/2011\/12\/27\/lados-positivos-de-la-crisis\/","title":{"rendered":"Lados positivos de la crisis"},"content":{"rendered":"\n<p>F\u00edjense en el edificio que ilustra esta foto. Es un  palacio, el de Garci-Grande donde tiene su sede Caja Duero (bueno, como  se llame ahora) en Salamanca. Y se preguntar\u00e1n qu\u00e9 me lleva a ponerlo en  estas p\u00e1ginas, y es sencillo. Vean la belleza propia de la concepci\u00f3n  originaria del palacio y g\u00f3cenla. Este a\u00f1o pueden, no como hace unos  a\u00f1os en que estas gentes se gastaban un past\u00f3n para \u00abembellecerlo\u00bb con  espantajadas de todos los tipos. Pero vino la crisis, se acab\u00f3 la pasta  para estas chorradas y podemos disfrutar del lugar. Como ven amigos, no  hay cosa sin lado positivo. <\/p>\n\n\n\n<figure class=\"wp-block-image size-large\"><img loading=\"lazy\" decoding=\"async\" width=\"800\" height=\"600\" src=\"https:\/\/www.odiolanavidad.es\/wp-content\/uploads\/2019\/12\/lados-positivos-de-la-crisis.jpg\" alt=\"Lados positivos de la crisis\" class=\"wp-image-508\" srcset=\"https:\/\/www.odiolanavidad.es\/wp-content\/uploads\/2019\/12\/lados-positivos-de-la-crisis.jpg 800w, https:\/\/www.odiolanavidad.es\/wp-content\/uploads\/2019\/12\/lados-positivos-de-la-crisis-300x225.jpg 300w, https:\/\/www.odiolanavidad.es\/wp-content\/uploads\/2019\/12\/lados-positivos-de-la-crisis-768x576.jpg 768w\" sizes=\"auto, (max-width: 767px) 89vw, (max-width: 1000px) 54vw, (max-width: 1071px) 543px, 580px\" \/><figcaption>Lados positivos de la crisis<\/figcaption><\/figure>\n","protected":false},"excerpt":{"rendered":"<p>F\u00edjense en el edificio que ilustra esta foto. Es un palacio, el de Garci-Grande donde tiene su sede Caja Duero (bueno, como se llame ahora) en Salamanca. Y se preguntar\u00e1n qu\u00e9 me lleva a ponerlo en estas p\u00e1ginas, y es sencillo. Vean la belleza propia de la concepci\u00f3n originaria del palacio y g\u00f3cenla. Este a\u00f1o &hellip; <\/p>\n<p class=\"link-more\"><a href=\"https:\/\/www.odiolanavidad.es\/index.php\/2011\/12\/27\/lados-positivos-de-la-crisis\/\" class=\"more-link\">Continuar leyendo<span class=\"screen-reader-text\"> \u00abLados positivos de la crisis\u00bb<\/span><\/a><\/p>\n","protected":false},"author":1,"featured_media":0,"comment_status":"open","ping_status":"open","sticky":false,"template":"","format":"standard","meta":{"footnotes":""},"categories":[7],"tags":[183,182,28],"class_list":["post-231","post","type-post","status-publish","format-standard","hentry","category-2011-2012","tag-caja-duero","tag-caja-salamanca","tag-crisis"],"_links":{"self":[{"href":"https:\/\/www.odiolanavidad.es\/index.php\/wp-json\/wp\/v2\/posts\/231","targetHints":{"allow":["GET"]}}],"collection":[{"href":"https:\/\/www.odiolanavidad.es\/index.php\/wp-json\/wp\/v2\/posts"}],"about":[{"href":"https:\/\/www.odiolanavidad.es\/index.php\/wp-json\/wp\/v2\/types\/post"}],"author":[{"embeddable":true,"href":"https:\/\/www.odiolanavidad.es\/index.php\/wp-json\/wp\/v2\/users\/1"}],"replies":[{"embeddable":true,"href":"https:\/\/www.odiolanavidad.es\/index.php\/wp-json\/wp\/v2\/comments?post=231"}],"version-history":[{"count":4,"href":"https:\/\/www.odiolanavidad.es\/index.php\/wp-json\/wp\/v2\/posts\/231\/revisions"}],"predecessor-version":[{"id":1181,"href":"https:\/\/www.odiolanavidad.es\/index.php\/wp-json\/wp\/v2\/posts\/231\/revisions\/1181"}],"wp:attachment":[{"href":"https:\/\/www.odiolanavidad.es\/index.php\/wp-json\/wp\/v2\/media?parent=231"}],"wp:term":[{"taxonomy":"category","embeddable":true,"href":"https:\/\/www.odiolanavidad.es\/index.php\/wp-json\/wp\/v2\/categories?post=231"},{"taxonomy":"post_tag","embeddable":true,"href":"https:\/\/www.odiolanavidad.es\/index.php\/wp-json\/wp\/v2\/tags?post=231"}],"curies":[{"name":"wp","href":"https:\/\/api.w.org\/{rel}","templated":true}]}}