{"id":255,"date":"2012-12-28T15:53:19","date_gmt":"2012-12-28T15:53:19","guid":{"rendered":"https:\/\/www.odiolanavidad.es\/?p=255"},"modified":"2021-03-22T19:24:58","modified_gmt":"2021-03-22T19:24:58","slug":"y-otra-decabada","status":"publish","type":"post","link":"https:\/\/www.odiolanavidad.es\/index.php\/2012\/12\/28\/y-otra-decabada\/","title":{"rendered":"Y otra DeCabada"},"content":{"rendered":"\n<p>Por no menospreciar al me\u00f3n que ve\u00edamos ayer \npresentamos, perfectamente integrado en la realidad hist\u00f3rica del bel\u00e9n:\n el carro que est\u00e1 a la venta con pocos Km. Un lujo de imaginaci\u00f3n, sin \nduda. <\/p>\n\n\n\n<figure class=\"wp-block-image size-large\"><img loading=\"lazy\" decoding=\"async\" width=\"800\" height=\"561\" src=\"https:\/\/www.odiolanavidad.es\/wp-content\/uploads\/2019\/12\/se-vende-carro.jpg\" alt=\"Carrito de bel\u00e9n\" class=\"wp-image-581\" srcset=\"https:\/\/www.odiolanavidad.es\/wp-content\/uploads\/2019\/12\/se-vende-carro.jpg 800w, https:\/\/www.odiolanavidad.es\/wp-content\/uploads\/2019\/12\/se-vende-carro-300x210.jpg 300w, https:\/\/www.odiolanavidad.es\/wp-content\/uploads\/2019\/12\/se-vende-carro-768x539.jpg 768w\" sizes=\"auto, (max-width: 767px) 89vw, (max-width: 1000px) 54vw, (max-width: 1071px) 543px, 580px\" \/><figcaption>Carrito de bel\u00e9n<\/figcaption><\/figure>\n","protected":false},"excerpt":{"rendered":"<p>Por no menospreciar al me\u00f3n que ve\u00edamos ayer presentamos, perfectamente integrado en la realidad hist\u00f3rica del bel\u00e9n: el carro que est\u00e1 a la venta con pocos Km. Un lujo de imaginaci\u00f3n, sin duda.<\/p>\n","protected":false},"author":1,"featured_media":0,"comment_status":"open","ping_status":"open","sticky":false,"template":"","format":"standard","meta":{"footnotes":""},"categories":[9],"tags":[102,272,56],"class_list":["post-255","post","type-post","status-publish","format-standard","hentry","category-2012-2013","tag-belen","tag-carro","tag-escaparate"],"_links":{"self":[{"href":"https:\/\/www.odiolanavidad.es\/index.php\/wp-json\/wp\/v2\/posts\/255","targetHints":{"allow":["GET"]}}],"collection":[{"href":"https:\/\/www.odiolanavidad.es\/index.php\/wp-json\/wp\/v2\/posts"}],"about":[{"href":"https:\/\/www.odiolanavidad.es\/index.php\/wp-json\/wp\/v2\/types\/post"}],"author":[{"embeddable":true,"href":"https:\/\/www.odiolanavidad.es\/index.php\/wp-json\/wp\/v2\/users\/1"}],"replies":[{"embeddable":true,"href":"https:\/\/www.odiolanavidad.es\/index.php\/wp-json\/wp\/v2\/comments?post=255"}],"version-history":[{"count":3,"href":"https:\/\/www.odiolanavidad.es\/index.php\/wp-json\/wp\/v2\/posts\/255\/revisions"}],"predecessor-version":[{"id":1190,"href":"https:\/\/www.odiolanavidad.es\/index.php\/wp-json\/wp\/v2\/posts\/255\/revisions\/1190"}],"wp:attachment":[{"href":"https:\/\/www.odiolanavidad.es\/index.php\/wp-json\/wp\/v2\/media?parent=255"}],"wp:term":[{"taxonomy":"category","embeddable":true,"href":"https:\/\/www.odiolanavidad.es\/index.php\/wp-json\/wp\/v2\/categories?post=255"},{"taxonomy":"post_tag","embeddable":true,"href":"https:\/\/www.odiolanavidad.es\/index.php\/wp-json\/wp\/v2\/tags?post=255"}],"curies":[{"name":"wp","href":"https:\/\/api.w.org\/{rel}","templated":true}]}}