{"id":271,"date":"2012-12-21T01:00:00","date_gmt":"2012-12-21T01:00:00","guid":{"rendered":"https:\/\/www.odiolanavidad.es\/?p=271"},"modified":"2021-03-22T19:24:58","modified_gmt":"2021-03-22T19:24:58","slug":"que-no-joooooder","status":"publish","type":"post","link":"https:\/\/www.odiolanavidad.es\/index.php\/2012\/12\/21\/que-no-joooooder\/","title":{"rendered":"Que no, joooooder"},"content":{"rendered":"\n<p>Se\u00f1ores, que los jud\u00edos y los musulmanes no comen cerdo,\n co\u00f1o. De modo que mal puede haber un t\u00edo vendiendo cerdo en un bel\u00e9n. \nPues no les entra en la cabeza. <\/p>\n\n\n\n<div class=\"wp-block-image\"><figure class=\"aligncenter size-large\"><img loading=\"lazy\" decoding=\"async\" width=\"400\" height=\"417\" src=\"https:\/\/www.odiolanavidad.es\/wp-content\/uploads\/2019\/12\/los-judios-no-comen-cerdo.jpg\" alt=\"Figura bel\u00e9n carnicero con cabeza de cerdo\" class=\"wp-image-576\" srcset=\"https:\/\/www.odiolanavidad.es\/wp-content\/uploads\/2019\/12\/los-judios-no-comen-cerdo.jpg 400w, https:\/\/www.odiolanavidad.es\/wp-content\/uploads\/2019\/12\/los-judios-no-comen-cerdo-288x300.jpg 288w\" sizes=\"auto, (max-width: 400px) 100vw, 400px\" \/><figcaption>Figura bel\u00e9n carnicero con cabeza de cerdo<\/figcaption><\/figure><\/div>\n\n\n\n<p>Este de la foto, concretamente, est\u00e1 hecho en terracota y expuesto en un local de Valladolid (Expa\u00f1a) <\/p>\n","protected":false},"excerpt":{"rendered":"<p>Se\u00f1ores, que los jud\u00edos y los musulmanes no comen cerdo, co\u00f1o. De modo que mal puede haber un t\u00edo vendiendo cerdo en un bel\u00e9n. Pues no les entra en la cabeza. Este de la foto, concretamente, est\u00e1 hecho en terracota y expuesto en un local de Valladolid (Expa\u00f1a)<\/p>\n","protected":false},"author":1,"featured_media":0,"comment_status":"open","ping_status":"open","sticky":false,"template":"","format":"standard","meta":{"footnotes":""},"categories":[9],"tags":[102,56,48],"class_list":["post-271","post","type-post","status-publish","format-standard","hentry","category-2012-2013","tag-belen","tag-escaparate","tag-valladolid"],"_links":{"self":[{"href":"https:\/\/www.odiolanavidad.es\/index.php\/wp-json\/wp\/v2\/posts\/271","targetHints":{"allow":["GET"]}}],"collection":[{"href":"https:\/\/www.odiolanavidad.es\/index.php\/wp-json\/wp\/v2\/posts"}],"about":[{"href":"https:\/\/www.odiolanavidad.es\/index.php\/wp-json\/wp\/v2\/types\/post"}],"author":[{"embeddable":true,"href":"https:\/\/www.odiolanavidad.es\/index.php\/wp-json\/wp\/v2\/users\/1"}],"replies":[{"embeddable":true,"href":"https:\/\/www.odiolanavidad.es\/index.php\/wp-json\/wp\/v2\/comments?post=271"}],"version-history":[{"count":3,"href":"https:\/\/www.odiolanavidad.es\/index.php\/wp-json\/wp\/v2\/posts\/271\/revisions"}],"predecessor-version":[{"id":1197,"href":"https:\/\/www.odiolanavidad.es\/index.php\/wp-json\/wp\/v2\/posts\/271\/revisions\/1197"}],"wp:attachment":[{"href":"https:\/\/www.odiolanavidad.es\/index.php\/wp-json\/wp\/v2\/media?parent=271"}],"wp:term":[{"taxonomy":"category","embeddable":true,"href":"https:\/\/www.odiolanavidad.es\/index.php\/wp-json\/wp\/v2\/categories?post=271"},{"taxonomy":"post_tag","embeddable":true,"href":"https:\/\/www.odiolanavidad.es\/index.php\/wp-json\/wp\/v2\/tags?post=271"}],"curies":[{"name":"wp","href":"https:\/\/api.w.org\/{rel}","templated":true}]}}