{"id":52,"date":"2019-12-15T23:22:12","date_gmt":"2019-12-15T23:22:12","guid":{"rendered":"https:\/\/www.odiolanavidad.es\/?p=52"},"modified":"2021-03-22T19:24:31","modified_gmt":"2021-03-22T19:24:31","slug":"la-bolita-de-la-plaza","status":"publish","type":"post","link":"https:\/\/www.odiolanavidad.es\/index.php\/2019\/12\/15\/la-bolita-de-la-plaza\/","title":{"rendered":"La bolita de la plaza"},"content":{"rendered":"\n<p>Mejorar la plaza mayor de Salamanca es algo dif\u00edcil.  Imposible no, claro, pero su espectacular belleza y armon\u00eda son  dif\u00edciles de superar. No pasa a\u00f1o alguno, sin embargo, en que el cabildo  salmantino se plantee la idea de \u00abdecorar\u00bb la plaza con alg\u00fan motivo  navide\u00f1o. Los ha habido horribles, cr\u00e9anme, como un <a href=\"https:\/\/www.odiolanavidad.es\/index.php\/2019\/12\/23\/hace-36-anos\/\">\u00e1rbol de navidad  hecho de vigas de hierro y neones<\/a> que apareci\u00f3 en los 80 (ver actualizaci\u00f3n al final de la entrada). Tengo una  foto. Igual la busco y la pongo para muestra de espantajadas. Este  a\u00f1o, para no ser menos que otros y a pesar de la galopante crisis que  se ha terminado seg\u00fan nuestro presidente de gobierno, se ha invertido en  un nuevo elemento decorativo de LED (es lo que se lleva) y es una  enorme bola de 5 o 6 metros de di\u00e1metro que simula una bolita de \u00e1rbol  de navidad en plan gigante. Es divertida, la verdad, pero deber\u00edan  haberla puesto en un lugar en el que no impidiese la digamos, normal  contemplaci\u00f3n de la plaza mayor, motivo por el que vienen muchos  visitantes a la ciudad.En fin, les dejo una foto de  la misma, y si tienen tiempo les recomiendo que busquen algunos retoques  simp\u00e1ticos que hay circulando por internet. <\/p>\n\n\n\n<p>Actualizaci\u00f3n: por causa de los genios malignos no aparece esta foto. De hecho es que esta entrada no s\u00e9 donde colocarla. La dejo aqu\u00ed mientras encuentro (si alguna vez lo hago) su lugar en el blog hist\u00f3rico. La foto la he capturado de por ah\u00ed, de Filckr, me parece. Como ignoro de qui\u00e9n es, no lo cito, obviamente.<\/p>\n\n\n\n<p>Actualizaci\u00f3n: He encontrado las fotos del a\u00f1o 1983 que promet\u00ed en su momento, he publicado la entrada y adem\u00e1s pongo aqu\u00ed el <a href=\"https:\/\/www.odiolanavidad.es\/index.php\/2019\/12\/23\/hace-36-anos\/\">enlace a las cosas que pasaban hace 36 a\u00f1os.<\/a><\/p>\n\n\n\n<figure class=\"wp-block-image size-large\"><img loading=\"lazy\" decoding=\"async\" width=\"1023\" height=\"846\" src=\"https:\/\/www.odiolanavidad.es\/wp-content\/uploads\/2019\/12\/la-bolita-de-la-plaza.jpg\" alt=\"La bolita de la plaza mayor\" class=\"wp-image-448\" srcset=\"https:\/\/www.odiolanavidad.es\/wp-content\/uploads\/2019\/12\/la-bolita-de-la-plaza.jpg 1023w, https:\/\/www.odiolanavidad.es\/wp-content\/uploads\/2019\/12\/la-bolita-de-la-plaza-300x248.jpg 300w, https:\/\/www.odiolanavidad.es\/wp-content\/uploads\/2019\/12\/la-bolita-de-la-plaza-768x635.jpg 768w\" sizes=\"auto, (max-width: 767px) 89vw, (max-width: 1000px) 54vw, (max-width: 1071px) 543px, 580px\" \/><figcaption>La bolita de la plaza mayor<\/figcaption><\/figure>\n","protected":false},"excerpt":{"rendered":"<p>Mejorar la plaza mayor de Salamanca es algo dif\u00edcil. Imposible no, claro, pero su espectacular belleza y armon\u00eda son dif\u00edciles de superar. No pasa a\u00f1o alguno, sin embargo, en que el cabildo salmantino se plantee la idea de \u00abdecorar\u00bb la plaza con alg\u00fan motivo navide\u00f1o. Los ha habido horribles, cr\u00e9anme, como un \u00e1rbol de navidad &hellip; <\/p>\n<p class=\"link-more\"><a href=\"https:\/\/www.odiolanavidad.es\/index.php\/2019\/12\/15\/la-bolita-de-la-plaza\/\" class=\"more-link\">Continuar leyendo<span class=\"screen-reader-text\"> \u00abLa bolita de la plaza\u00bb<\/span><\/a><\/p>\n","protected":false},"author":1,"featured_media":0,"comment_status":"open","ping_status":"open","sticky":false,"template":"","format":"standard","meta":{"footnotes":""},"categories":[5],"tags":[134,13,88],"class_list":["post-52","post","type-post","status-publish","format-standard","hentry","category-2009-2010","tag-bolita","tag-luces","tag-salamanca"],"_links":{"self":[{"href":"https:\/\/www.odiolanavidad.es\/index.php\/wp-json\/wp\/v2\/posts\/52","targetHints":{"allow":["GET"]}}],"collection":[{"href":"https:\/\/www.odiolanavidad.es\/index.php\/wp-json\/wp\/v2\/posts"}],"about":[{"href":"https:\/\/www.odiolanavidad.es\/index.php\/wp-json\/wp\/v2\/types\/post"}],"author":[{"embeddable":true,"href":"https:\/\/www.odiolanavidad.es\/index.php\/wp-json\/wp\/v2\/users\/1"}],"replies":[{"embeddable":true,"href":"https:\/\/www.odiolanavidad.es\/index.php\/wp-json\/wp\/v2\/comments?post=52"}],"version-history":[{"count":7,"href":"https:\/\/www.odiolanavidad.es\/index.php\/wp-json\/wp\/v2\/posts\/52\/revisions"}],"predecessor-version":[{"id":1092,"href":"https:\/\/www.odiolanavidad.es\/index.php\/wp-json\/wp\/v2\/posts\/52\/revisions\/1092"}],"wp:attachment":[{"href":"https:\/\/www.odiolanavidad.es\/index.php\/wp-json\/wp\/v2\/media?parent=52"}],"wp:term":[{"taxonomy":"category","embeddable":true,"href":"https:\/\/www.odiolanavidad.es\/index.php\/wp-json\/wp\/v2\/categories?post=52"},{"taxonomy":"post_tag","embeddable":true,"href":"https:\/\/www.odiolanavidad.es\/index.php\/wp-json\/wp\/v2\/tags?post=52"}],"curies":[{"name":"wp","href":"https:\/\/api.w.org\/{rel}","templated":true}]}}