{"id":618,"date":"2019-12-29T13:06:57","date_gmt":"2019-12-29T13:06:57","guid":{"rendered":"https:\/\/www.odiolanavidad.es\/?p=618"},"modified":"2021-03-22T19:25:06","modified_gmt":"2021-03-22T19:25:06","slug":"yo-quiero-uno-parecido","status":"publish","type":"post","link":"https:\/\/www.odiolanavidad.es\/index.php\/2019\/12\/29\/yo-quiero-uno-parecido\/","title":{"rendered":"Yo quiero uno parecido"},"content":{"rendered":"\n<figure class=\"wp-block-image size-large\"><img loading=\"lazy\" decoding=\"async\" width=\"721\" height=\"1024\" src=\"https:\/\/www.odiolanavidad.es\/wp-content\/uploads\/2019\/12\/IMG_9080-721x1024.jpg\" alt=\"Maniqu\u00ed plateado desnudo como parte de un \u00e1rbol de navidad.\" class=\"wp-image-619\" srcset=\"https:\/\/www.odiolanavidad.es\/wp-content\/uploads\/2019\/12\/IMG_9080-721x1024.jpg 721w, https:\/\/www.odiolanavidad.es\/wp-content\/uploads\/2019\/12\/IMG_9080-211x300.jpg 211w, https:\/\/www.odiolanavidad.es\/wp-content\/uploads\/2019\/12\/IMG_9080-768x1090.jpg 768w, https:\/\/www.odiolanavidad.es\/wp-content\/uploads\/2019\/12\/IMG_9080.jpg 934w\" sizes=\"auto, (max-width: 721px) 100vw, 721px\" \/><figcaption>El mito de Pigmali\u00f3n hecho arbolito<\/figcaption><\/figure>\n\n\n\n<p>A m\u00ed tambi\u00e9n me apetece tener un \u00e1rbolito navide\u00f1o de este tipo, del que salga una hembra en bolas y pintada de plateado. Eso s\u00ed, por favor, que la hembra sea de carne y hueso, que el mito de Pigmali\u00f3n ya no me lo creo mucho. La foto, hecha en la zona de la plaza de Carmelitas de Salamanca y es una demostraci\u00f3n (ya pondr\u00e9 m\u00e1s) de que lo pagano invade la celebraci\u00f3n y que, menos mal, va mejorando un poco la est\u00e9tica t\u00edpica y hasta desapareciendo el mal gusto.<\/p>\n","protected":false},"excerpt":{"rendered":"<p>A m\u00ed tambi\u00e9n me apetece tener un \u00e1rbolito navide\u00f1o de este tipo, del que salga una hembra en bolas y pintada de plateado. Eso s\u00ed, por favor, que la hembra sea de carne y hueso, que el mito de Pigmali\u00f3n ya no me lo creo mucho. La foto, hecha en la zona de la plaza &hellip; <\/p>\n<p class=\"link-more\"><a href=\"https:\/\/www.odiolanavidad.es\/index.php\/2019\/12\/29\/yo-quiero-uno-parecido\/\" class=\"more-link\">Continuar leyendo<span class=\"screen-reader-text\"> \u00abYo quiero uno parecido\u00bb<\/span><\/a><\/p>\n","protected":false},"author":1,"featured_media":0,"comment_status":"open","ping_status":"open","sticky":false,"template":"","format":"standard","meta":{"footnotes":""},"categories":[2],"tags":[36,117,118,88],"class_list":["post-618","post","type-post","status-publish","format-standard","hentry","category-2019-2020","tag-arbol","tag-bolas","tag-maniqui-plateado","tag-salamanca"],"_links":{"self":[{"href":"https:\/\/www.odiolanavidad.es\/index.php\/wp-json\/wp\/v2\/posts\/618","targetHints":{"allow":["GET"]}}],"collection":[{"href":"https:\/\/www.odiolanavidad.es\/index.php\/wp-json\/wp\/v2\/posts"}],"about":[{"href":"https:\/\/www.odiolanavidad.es\/index.php\/wp-json\/wp\/v2\/types\/post"}],"author":[{"embeddable":true,"href":"https:\/\/www.odiolanavidad.es\/index.php\/wp-json\/wp\/v2\/users\/1"}],"replies":[{"embeddable":true,"href":"https:\/\/www.odiolanavidad.es\/index.php\/wp-json\/wp\/v2\/comments?post=618"}],"version-history":[{"count":2,"href":"https:\/\/www.odiolanavidad.es\/index.php\/wp-json\/wp\/v2\/posts\/618\/revisions"}],"predecessor-version":[{"id":1225,"href":"https:\/\/www.odiolanavidad.es\/index.php\/wp-json\/wp\/v2\/posts\/618\/revisions\/1225"}],"wp:attachment":[{"href":"https:\/\/www.odiolanavidad.es\/index.php\/wp-json\/wp\/v2\/media?parent=618"}],"wp:term":[{"taxonomy":"category","embeddable":true,"href":"https:\/\/www.odiolanavidad.es\/index.php\/wp-json\/wp\/v2\/categories?post=618"},{"taxonomy":"post_tag","embeddable":true,"href":"https:\/\/www.odiolanavidad.es\/index.php\/wp-json\/wp\/v2\/tags?post=618"}],"curies":[{"name":"wp","href":"https:\/\/api.w.org\/{rel}","templated":true}]}}