{"id":622,"date":"2019-12-30T20:23:00","date_gmt":"2019-12-30T20:23:00","guid":{"rendered":"https:\/\/www.odiolanavidad.es\/?p=622"},"modified":"2021-03-22T19:25:06","modified_gmt":"2021-03-22T19:25:06","slug":"reivindicar-tradiciones","status":"publish","type":"post","link":"https:\/\/www.odiolanavidad.es\/index.php\/2019\/12\/30\/reivindicar-tradiciones\/","title":{"rendered":"Reivindicar tradiciones"},"content":{"rendered":"\n<figure class=\"wp-block-image size-large\"><img loading=\"lazy\" decoding=\"async\" width=\"768\" height=\"1024\" src=\"https:\/\/www.odiolanavidad.es\/wp-content\/uploads\/2019\/12\/DSC06495-768x1024.jpg\" alt=\"Decoraci\u00f3n navide\u00f1a t\u00edpica de la sierra salmantina.\" class=\"wp-image-623\" srcset=\"https:\/\/www.odiolanavidad.es\/wp-content\/uploads\/2019\/12\/DSC06495-768x1024.jpg 768w, https:\/\/www.odiolanavidad.es\/wp-content\/uploads\/2019\/12\/DSC06495-225x300.jpg 225w, https:\/\/www.odiolanavidad.es\/wp-content\/uploads\/2019\/12\/DSC06495.jpg 972w\" sizes=\"auto, (max-width: 767px) 89vw, (max-width: 1000px) 54vw, (max-width: 1071px) 543px, 580px\" \/><figcaption>Decoraci\u00f3n navide\u00f1a t\u00edpica de la sierra salmantina.<\/figcaption><\/figure>\n\n\n\n<p>En lugar de andar lam\u00edendole el culo a los yanquis y sus tradiciones convertidas en productos de mercado se puede, tambi\u00e9n, recuperar tradiciones locales. No tienen por qu\u00e9 ser mejores, pero al menos ser\u00e1n menos manipuladas y transformadas en algo vendible (ahora le dicen monetizable, horroroso anglicismo donde los haya).<\/p>\n\n\n\n<p>La foto, tomada en la calle Van Dyck de Salamanca tiene el consabido mu\u00f1equito de cer\u00e1mica representando al ni\u00f1o dios y detr\u00e1s una decoraci\u00f3n t\u00edpica de la sierra salmantina hecha con panes y con velas, am\u00e9n de otras decoraciones y manualidades. Mucho m\u00e1s elegante que esos papanoeles rojos cocaloca que, seg\u00fan parece, antes de la invasi\u00f3n publicitaria de las aguas negras azucaradas, se vest\u00eda de color verde.<\/p>\n","protected":false},"excerpt":{"rendered":"<p>En lugar de andar lam\u00edendole el culo a los yanquis y sus tradiciones convertidas en productos de mercado se puede, tambi\u00e9n, recuperar tradiciones locales. No tienen por qu\u00e9 ser mejores, pero al menos ser\u00e1n menos manipuladas y transformadas en algo vendible (ahora le dicen monetizable, horroroso anglicismo donde los haya). La foto, tomada en la &hellip; <\/p>\n<p class=\"link-more\"><a href=\"https:\/\/www.odiolanavidad.es\/index.php\/2019\/12\/30\/reivindicar-tradiciones\/\" class=\"more-link\">Continuar leyendo<span class=\"screen-reader-text\"> \u00abReivindicar tradiciones\u00bb<\/span><\/a><\/p>\n","protected":false},"author":1,"featured_media":0,"comment_status":"open","ping_status":"open","sticky":false,"template":"","format":"standard","meta":{"footnotes":""},"categories":[2],"tags":[113,115],"class_list":["post-622","post","type-post","status-publish","format-standard","hentry","category-2019-2020","tag-panes","tag-tradiciones"],"_links":{"self":[{"href":"https:\/\/www.odiolanavidad.es\/index.php\/wp-json\/wp\/v2\/posts\/622","targetHints":{"allow":["GET"]}}],"collection":[{"href":"https:\/\/www.odiolanavidad.es\/index.php\/wp-json\/wp\/v2\/posts"}],"about":[{"href":"https:\/\/www.odiolanavidad.es\/index.php\/wp-json\/wp\/v2\/types\/post"}],"author":[{"embeddable":true,"href":"https:\/\/www.odiolanavidad.es\/index.php\/wp-json\/wp\/v2\/users\/1"}],"replies":[{"embeddable":true,"href":"https:\/\/www.odiolanavidad.es\/index.php\/wp-json\/wp\/v2\/comments?post=622"}],"version-history":[{"count":3,"href":"https:\/\/www.odiolanavidad.es\/index.php\/wp-json\/wp\/v2\/posts\/622\/revisions"}],"predecessor-version":[{"id":1226,"href":"https:\/\/www.odiolanavidad.es\/index.php\/wp-json\/wp\/v2\/posts\/622\/revisions\/1226"}],"wp:attachment":[{"href":"https:\/\/www.odiolanavidad.es\/index.php\/wp-json\/wp\/v2\/media?parent=622"}],"wp:term":[{"taxonomy":"category","embeddable":true,"href":"https:\/\/www.odiolanavidad.es\/index.php\/wp-json\/wp\/v2\/categories?post=622"},{"taxonomy":"post_tag","embeddable":true,"href":"https:\/\/www.odiolanavidad.es\/index.php\/wp-json\/wp\/v2\/tags?post=622"}],"curies":[{"name":"wp","href":"https:\/\/api.w.org\/{rel}","templated":true}]}}