{"id":658,"date":"2020-10-25T11:02:38","date_gmt":"2020-10-25T11:02:38","guid":{"rendered":"https:\/\/www.odiolanavidad.es\/?p=658"},"modified":"2020-12-02T22:26:22","modified_gmt":"2020-12-02T22:26:22","slug":"comienza-el-espectaculo","status":"publish","type":"post","link":"https:\/\/www.odiolanavidad.es\/index.php\/2020\/10\/25\/comienza-el-espectaculo\/","title":{"rendered":"Comienza el espect\u00e1culo"},"content":{"rendered":"\n<p>Se\u00f1oras y se\u00f1ores, virus y virus: comienza el espect\u00e1culo navide\u00f1o una vez m\u00e1s.<\/p>\n\n\n\n<p>Los politicastros que votamos tiene ocurrencias dignas de, como se dec\u00eda antes, bombero retirado. Vaya ud. a saber el origen de la tal expresi\u00f3n curiosa. Pero dejemos a los bomberos retirados disfrutando de su jubileo y centr\u00e9monos en las estratagemas innovadoras de nuestros gobernantes para mejorar nuestras vidas (que las suyas est\u00e1n bastante bien).<\/p>\n\n\n\n<p>No vamos a entrar al trapo de la pandemia, pero es evidente que este a\u00f1o la econom\u00eda anda entre pachucha y jodida. Pues para ayudarla nada mejor que incentivar el consumo, el gasto vamos, que es la medicina que siempre indefectiblemente se aplica en el sistema capitalista en que vivimos inmersos. Hala, majos (y majas) a comprar a comprar que el mundo se va a acabar.  Y todo por obra y gracia de los adornos y luces navide\u00f1os que este a\u00f1o empiezan en octubre. S\u00ed, diez semanazas antes de final de a\u00f1o. y otras dos al comienzo: un total de 12 semanas = 3 meses de sufrir las horteradas en las calles afeando nuestros monumentos y paseos. Si a estos 3 meses le sumamos el mes de semana santa (si no se alarga el a\u00f1o pr\u00f3ximo), el mes de ferias (si es que se celebran) tenemos la friolera de 5 meses con espantajadas en la plaza mayor de Salamanca. Ah\u00ed es nada, la mitad del a\u00f1o.<\/p>\n\n\n\n<p>Pero vayamos al asunto: resulta que el problema de la econom\u00eda es la falta de ventas y esta viene provocada por las gentes que nos empecinamos en ahorrar, como si eso sirviese para algo. As\u00ed que, cual perros de Paulov y su campanilla, nosotros saldremos como posesos a blandir nuestras repletas carteras nada m\u00e1s ver estas luces maravillosas que nuestro edil coloca con amor y dedicaci\u00f3n. Ya estoy viendo el espect\u00e1culo de gentes afanadas corriendo ora cartera en mano ora cargadas de paquetes en las concurridas calles de la ciudad. Tal es as\u00ed que para prevenir los problemas de salud de los abnegados comerciantes habr\u00e1, quiz\u00e1, que decretar el toque de queda para detener por unas horas las hordas de compradores y dejar solazarse a los vendedores de todas clases. Digno espect\u00e1culo mental nos espera, no me lo nieguen.<\/p>\n\n\n\n<div class=\"wp-block-image\"><figure class=\"aligncenter size-large\"><img loading=\"lazy\" decoding=\"async\" width=\"1024\" height=\"937\" src=\"https:\/\/www.odiolanavidad.es\/wp-content\/uploads\/2020\/12\/DSC00002-1024x937.jpg\" alt=\"Paquete gigante de led\" class=\"wp-image-886\" srcset=\"https:\/\/www.odiolanavidad.es\/wp-content\/uploads\/2020\/12\/DSC00002-1024x937.jpg 1024w, https:\/\/www.odiolanavidad.es\/wp-content\/uploads\/2020\/12\/DSC00002-300x275.jpg 300w, https:\/\/www.odiolanavidad.es\/wp-content\/uploads\/2020\/12\/DSC00002-768x703.jpg 768w, https:\/\/www.odiolanavidad.es\/wp-content\/uploads\/2020\/12\/DSC00002-1536x1406.jpg 1536w, https:\/\/www.odiolanavidad.es\/wp-content\/uploads\/2020\/12\/DSC00002.jpg 1809w\" sizes=\"auto, (max-width: 767px) 89vw, (max-width: 1000px) 54vw, (max-width: 1071px) 543px, 580px\" \/><figcaption>Paquete gigante de ledes en la plaza de los bandos<\/figcaption><\/figure><\/div>\n\n\n\n<p><\/p>\n","protected":false},"excerpt":{"rendered":"<p>Se\u00f1oras y se\u00f1ores, virus y virus: comienza el espect\u00e1culo navide\u00f1o una vez m\u00e1s. Los politicastros que votamos tiene ocurrencias dignas de, como se dec\u00eda antes, bombero retirado. Vaya ud. a saber el origen de la tal expresi\u00f3n curiosa. Pero dejemos a los bomberos retirados disfrutando de su jubileo y centr\u00e9monos en las estratagemas innovadoras de &hellip; <\/p>\n<p class=\"link-more\"><a href=\"https:\/\/www.odiolanavidad.es\/index.php\/2020\/10\/25\/comienza-el-espectaculo\/\" class=\"more-link\">Continuar leyendo<span class=\"screen-reader-text\"> \u00abComienza el espect\u00e1culo\u00bb<\/span><\/a><\/p>\n","protected":false},"author":1,"featured_media":0,"comment_status":"open","ping_status":"open","sticky":false,"template":"","format":"standard","meta":{"footnotes":""},"categories":[11],"tags":[31,97],"class_list":["post-658","post","type-post","status-publish","format-standard","hentry","category-2020-2021","tag-led","tag-paquetito"],"_links":{"self":[{"href":"https:\/\/www.odiolanavidad.es\/index.php\/wp-json\/wp\/v2\/posts\/658","targetHints":{"allow":["GET"]}}],"collection":[{"href":"https:\/\/www.odiolanavidad.es\/index.php\/wp-json\/wp\/v2\/posts"}],"about":[{"href":"https:\/\/www.odiolanavidad.es\/index.php\/wp-json\/wp\/v2\/types\/post"}],"author":[{"embeddable":true,"href":"https:\/\/www.odiolanavidad.es\/index.php\/wp-json\/wp\/v2\/users\/1"}],"replies":[{"embeddable":true,"href":"https:\/\/www.odiolanavidad.es\/index.php\/wp-json\/wp\/v2\/comments?post=658"}],"version-history":[{"count":4,"href":"https:\/\/www.odiolanavidad.es\/index.php\/wp-json\/wp\/v2\/posts\/658\/revisions"}],"predecessor-version":[{"id":888,"href":"https:\/\/www.odiolanavidad.es\/index.php\/wp-json\/wp\/v2\/posts\/658\/revisions\/888"}],"wp:attachment":[{"href":"https:\/\/www.odiolanavidad.es\/index.php\/wp-json\/wp\/v2\/media?parent=658"}],"wp:term":[{"taxonomy":"category","embeddable":true,"href":"https:\/\/www.odiolanavidad.es\/index.php\/wp-json\/wp\/v2\/categories?post=658"},{"taxonomy":"post_tag","embeddable":true,"href":"https:\/\/www.odiolanavidad.es\/index.php\/wp-json\/wp\/v2\/tags?post=658"}],"curies":[{"name":"wp","href":"https:\/\/api.w.org\/{rel}","templated":true}]}}