{"id":662,"date":"2020-10-31T19:48:46","date_gmt":"2020-10-31T19:48:46","guid":{"rendered":"https:\/\/www.odiolanavidad.es\/?p=662"},"modified":"2020-11-27T21:51:43","modified_gmt":"2020-11-27T21:51:43","slug":"de-postre-cabezoneria","status":"publish","type":"post","link":"https:\/\/www.odiolanavidad.es\/index.php\/2020\/10\/31\/de-postre-cabezoneria\/","title":{"rendered":"De postre: cabezoner\u00eda"},"content":{"rendered":"\n<p>\u00abA ver si se habla de mi libro, porque yo aqu\u00ed he venido a hablar de mi libro y no se ha hablado\u00bb dijo Paco Umbral en una <a rel=\"noreferrer noopener\" href=\"https:\/\/www.youtube.com\/watch?v=9yzQXkHHR_s\" data-type=\"URL\" data-id=\"https:\/\/www.youtube.com\/watch?v=9yzQXkHHR_s\" target=\"_blank\">famosa entrevista<\/a> que ha pasado a la historia porque el \u00ednclito sac\u00f3 a relucir la mala leche que ten\u00eda adem\u00e1s de poner en evidencia a Mercedes Mil\u00e1 que era la presentadora de aquel programa de Antena 3.<\/p>\n\n\n\n<p>Pues el alcalde de Madrid tambi\u00e9n ha venido aqu\u00ed (o ha ido all\u00ed) a hablar de su libro y para eso hace lo que haga falta. Incluso usar las luces navide\u00f1as para publicitar su ideario que, en este caso, nada tiene que ver con la navidad.<\/p>\n\n\n\n<p>La lectura de <a rel=\"noreferrer noopener\" href=\"https:\/\/www.20minutos.es\/noticia\/4438996\/0\/madrid-luces-navidenas-bandera-espana-castellana\/?autoref=true\" target=\"_blank\">esta noticia <\/a>tiene dos partes. La primera en la que se vuelve a incidir en el mismo razonamiento falaz que en nuestra entrada anterior (no en vano ambas vienen de alcaldes de similar ideolog\u00eda) pensando que poner las lucecitas va a sacar los dineros de los bolsillos del maltrecho ciudadano. La segunda es aquella emulaci\u00f3n del fallecido Umbral, colocando una bandera enorme en el centro de una de las v\u00edas m\u00e1s emblem\u00e1ticas de la capital. Penosas ambas cosas pero de la segunda me alegro: habr\u00e1 m\u00e1s gente que este a\u00f1o odie la navidad. Bien por el alcalde que aumenta las filas de interesados en estas p\u00e1ginas.<\/p>\n","protected":false},"excerpt":{"rendered":"<p>\u00abA ver si se habla de mi libro, porque yo aqu\u00ed he venido a hablar de mi libro y no se ha hablado\u00bb dijo Paco Umbral en una famosa entrevista que ha pasado a la historia porque el \u00ednclito sac\u00f3 a relucir la mala leche que ten\u00eda adem\u00e1s de poner en evidencia a Mercedes Mil\u00e1 &hellip; <\/p>\n<p class=\"link-more\"><a href=\"https:\/\/www.odiolanavidad.es\/index.php\/2020\/10\/31\/de-postre-cabezoneria\/\" class=\"more-link\">Continuar leyendo<span class=\"screen-reader-text\"> \u00abDe postre: cabezoner\u00eda\u00bb<\/span><\/a><\/p>\n","protected":false},"author":1,"featured_media":0,"comment_status":"open","ping_status":"open","sticky":false,"template":"","format":"standard","meta":{"footnotes":""},"categories":[11],"tags":[14,13],"class_list":["post-662","post","type-post","status-publish","format-standard","hentry","category-2020-2021","tag-bandera-madrid","tag-luces"],"_links":{"self":[{"href":"https:\/\/www.odiolanavidad.es\/index.php\/wp-json\/wp\/v2\/posts\/662","targetHints":{"allow":["GET"]}}],"collection":[{"href":"https:\/\/www.odiolanavidad.es\/index.php\/wp-json\/wp\/v2\/posts"}],"about":[{"href":"https:\/\/www.odiolanavidad.es\/index.php\/wp-json\/wp\/v2\/types\/post"}],"author":[{"embeddable":true,"href":"https:\/\/www.odiolanavidad.es\/index.php\/wp-json\/wp\/v2\/users\/1"}],"replies":[{"embeddable":true,"href":"https:\/\/www.odiolanavidad.es\/index.php\/wp-json\/wp\/v2\/comments?post=662"}],"version-history":[{"count":1,"href":"https:\/\/www.odiolanavidad.es\/index.php\/wp-json\/wp\/v2\/posts\/662\/revisions"}],"predecessor-version":[{"id":663,"href":"https:\/\/www.odiolanavidad.es\/index.php\/wp-json\/wp\/v2\/posts\/662\/revisions\/663"}],"wp:attachment":[{"href":"https:\/\/www.odiolanavidad.es\/index.php\/wp-json\/wp\/v2\/media?parent=662"}],"wp:term":[{"taxonomy":"category","embeddable":true,"href":"https:\/\/www.odiolanavidad.es\/index.php\/wp-json\/wp\/v2\/categories?post=662"},{"taxonomy":"post_tag","embeddable":true,"href":"https:\/\/www.odiolanavidad.es\/index.php\/wp-json\/wp\/v2\/tags?post=662"}],"curies":[{"name":"wp","href":"https:\/\/api.w.org\/{rel}","templated":true}]}}