{"id":700,"date":"2015-01-02T21:35:48","date_gmt":"2015-01-02T21:35:48","guid":{"rendered":"https:\/\/www.odiolanavidad.es\/?p=700"},"modified":"2020-11-14T21:21:31","modified_gmt":"2020-11-14T21:21:31","slug":"la-crisis-llega-hasta-a-las-ideas","status":"publish","type":"post","link":"https:\/\/www.odiolanavidad.es\/index.php\/2015\/01\/02\/la-crisis-llega-hasta-a-las-ideas\/","title":{"rendered":"La crisis llega hasta a las ideas"},"content":{"rendered":"\n<p>A m\u00ed lo m\u00e1s triste no me parece que no haya recursos materiales, lo triste de verdad es que falten ideas y se corone la carencia con falta de excelencia en el trabajo. Miren la guirnalda luminosa que la iglesia de El Salvador (creo que se llama) sita en la plaza mayor de B\u00e9jar (donde ando penando por las calles). Lo malo no es que se tenga poco dinero para sustituir el engendro luminoso por uno que gaste menos (en una temporada estaba amortizada la inversi\u00f3n, pero bueno). Lo malo es que falten ideas y como no hay bombillas amarillas suficientes se ti\u00f1an de mala manera algunas blancas para dar el pego. Que no lo da, encima. Lo malo no es tener que buscar soluciones alternativas a las bombillas originales y no encontrar (por buscar poco) la laca de bombilla que se sigue vendiendo (hay una tienda a menos de trescientos metros). La cosa viene ampliada por la chapuza en la confecci\u00f3n del amarillo sustituto. Y lo peor, el apelotonamiento de bombillas originales por un lado y las chapuceadas por otro, cuando se pod\u00edan haber repartido de manera que quedase hasta art\u00edstico el resultado. Pero no, no se\u00f1or, es preferible hacerlo deprisa y mal para luego apoltronarse a ver pegar gritos a la gentuza que puebla la televisi\u00f3n de este pa\u00eds.<\/p>\n\n\n\n<figure class=\"wp-block-image size-large\"><img loading=\"lazy\" decoding=\"async\" width=\"800\" height=\"600\" src=\"https:\/\/www.odiolanavidad.es\/wp-content\/uploads\/2020\/11\/la-crisis-de-ideas.jpg\" alt=\"\" class=\"wp-image-701\" srcset=\"https:\/\/www.odiolanavidad.es\/wp-content\/uploads\/2020\/11\/la-crisis-de-ideas.jpg 800w, https:\/\/www.odiolanavidad.es\/wp-content\/uploads\/2020\/11\/la-crisis-de-ideas-300x225.jpg 300w, https:\/\/www.odiolanavidad.es\/wp-content\/uploads\/2020\/11\/la-crisis-de-ideas-768x576.jpg 768w\" sizes=\"auto, (max-width: 767px) 89vw, (max-width: 1000px) 54vw, (max-width: 1071px) 543px, 580px\" \/><\/figure>\n","protected":false},"excerpt":{"rendered":"<p>A m\u00ed lo m\u00e1s triste no me parece que no haya recursos materiales, lo triste de verdad es que falten ideas y se corone la carencia con falta de excelencia en el trabajo. Miren la guirnalda luminosa que la iglesia de El Salvador (creo que se llama) sita en la plaza mayor de B\u00e9jar (donde &hellip; <\/p>\n<p class=\"link-more\"><a href=\"https:\/\/www.odiolanavidad.es\/index.php\/2015\/01\/02\/la-crisis-llega-hasta-a-las-ideas\/\" class=\"more-link\">Continuar leyendo<span class=\"screen-reader-text\"> \u00abLa crisis llega hasta a las ideas\u00bb<\/span><\/a><\/p>\n","protected":false},"author":1,"featured_media":0,"comment_status":"open","ping_status":"open","sticky":false,"template":"","format":"standard","meta":{"footnotes":""},"categories":[16],"tags":[30,28],"class_list":["post-700","post","type-post","status-publish","format-standard","hentry","category-2014-2015","tag-bombillas","tag-crisis"],"_links":{"self":[{"href":"https:\/\/www.odiolanavidad.es\/index.php\/wp-json\/wp\/v2\/posts\/700","targetHints":{"allow":["GET"]}}],"collection":[{"href":"https:\/\/www.odiolanavidad.es\/index.php\/wp-json\/wp\/v2\/posts"}],"about":[{"href":"https:\/\/www.odiolanavidad.es\/index.php\/wp-json\/wp\/v2\/types\/post"}],"author":[{"embeddable":true,"href":"https:\/\/www.odiolanavidad.es\/index.php\/wp-json\/wp\/v2\/users\/1"}],"replies":[{"embeddable":true,"href":"https:\/\/www.odiolanavidad.es\/index.php\/wp-json\/wp\/v2\/comments?post=700"}],"version-history":[{"count":1,"href":"https:\/\/www.odiolanavidad.es\/index.php\/wp-json\/wp\/v2\/posts\/700\/revisions"}],"predecessor-version":[{"id":702,"href":"https:\/\/www.odiolanavidad.es\/index.php\/wp-json\/wp\/v2\/posts\/700\/revisions\/702"}],"wp:attachment":[{"href":"https:\/\/www.odiolanavidad.es\/index.php\/wp-json\/wp\/v2\/media?parent=700"}],"wp:term":[{"taxonomy":"category","embeddable":true,"href":"https:\/\/www.odiolanavidad.es\/index.php\/wp-json\/wp\/v2\/categories?post=700"},{"taxonomy":"post_tag","embeddable":true,"href":"https:\/\/www.odiolanavidad.es\/index.php\/wp-json\/wp\/v2\/tags?post=700"}],"curies":[{"name":"wp","href":"https:\/\/api.w.org\/{rel}","templated":true}]}}