{"id":703,"date":"2014-12-14T21:36:43","date_gmt":"2014-12-14T21:36:43","guid":{"rendered":"https:\/\/www.odiolanavidad.es\/?p=703"},"modified":"2020-11-14T21:25:20","modified_gmt":"2020-11-14T21:25:20","slug":"luces-y-crisis","status":"publish","type":"post","link":"https:\/\/www.odiolanavidad.es\/index.php\/2014\/12\/14\/luces-y-crisis\/","title":{"rendered":"Luces y crisis"},"content":{"rendered":"\n<p>Una de las cosas que me llama la atenci\u00f3n este a\u00f1o es que se han cambiado todas las luces (tanto en Valladolid como en Salamanca) por otras nuevas, eso s\u00ed, de LED, que consumen menos. Pero tambi\u00e9n es curioso que se haya hecho justo cuando vienen otras elecciones (municipales, auton\u00f3micas y generales en la mayor parte del pa\u00eds). \u00bfNo?<\/p>\n\n\n\n<p>Bueno, pues sea como fuere, da gusto ver que hay algo de moderaci\u00f3n en las luminarias, parece.<\/p>\n\n\n\n<figure class=\"wp-block-image size-large\"><img loading=\"lazy\" decoding=\"async\" width=\"800\" height=\"524\" src=\"https:\/\/www.odiolanavidad.es\/wp-content\/uploads\/2020\/11\/led-normales.jpg\" alt=\"\" class=\"wp-image-704\" srcset=\"https:\/\/www.odiolanavidad.es\/wp-content\/uploads\/2020\/11\/led-normales.jpg 800w, https:\/\/www.odiolanavidad.es\/wp-content\/uploads\/2020\/11\/led-normales-300x197.jpg 300w, https:\/\/www.odiolanavidad.es\/wp-content\/uploads\/2020\/11\/led-normales-768x503.jpg 768w\" sizes=\"auto, (max-width: 767px) 89vw, (max-width: 1000px) 54vw, (max-width: 1071px) 543px, 580px\" \/><\/figure>\n","protected":false},"excerpt":{"rendered":"<p>Una de las cosas que me llama la atenci\u00f3n este a\u00f1o es que se han cambiado todas las luces (tanto en Valladolid como en Salamanca) por otras nuevas, eso s\u00ed, de LED, que consumen menos. Pero tambi\u00e9n es curioso que se haya hecho justo cuando vienen otras elecciones (municipales, auton\u00f3micas y generales en la mayor &hellip; <\/p>\n<p class=\"link-more\"><a href=\"https:\/\/www.odiolanavidad.es\/index.php\/2014\/12\/14\/luces-y-crisis\/\" class=\"more-link\">Continuar leyendo<span class=\"screen-reader-text\"> \u00abLuces y crisis\u00bb<\/span><\/a><\/p>\n","protected":false},"author":1,"featured_media":0,"comment_status":"open","ping_status":"open","sticky":false,"template":"","format":"standard","meta":{"footnotes":""},"categories":[16],"tags":[28,32,31],"class_list":["post-703","post","type-post","status-publish","format-standard","hentry","category-2014-2015","tag-crisis","tag-elecciones","tag-led"],"_links":{"self":[{"href":"https:\/\/www.odiolanavidad.es\/index.php\/wp-json\/wp\/v2\/posts\/703","targetHints":{"allow":["GET"]}}],"collection":[{"href":"https:\/\/www.odiolanavidad.es\/index.php\/wp-json\/wp\/v2\/posts"}],"about":[{"href":"https:\/\/www.odiolanavidad.es\/index.php\/wp-json\/wp\/v2\/types\/post"}],"author":[{"embeddable":true,"href":"https:\/\/www.odiolanavidad.es\/index.php\/wp-json\/wp\/v2\/users\/1"}],"replies":[{"embeddable":true,"href":"https:\/\/www.odiolanavidad.es\/index.php\/wp-json\/wp\/v2\/comments?post=703"}],"version-history":[{"count":1,"href":"https:\/\/www.odiolanavidad.es\/index.php\/wp-json\/wp\/v2\/posts\/703\/revisions"}],"predecessor-version":[{"id":705,"href":"https:\/\/www.odiolanavidad.es\/index.php\/wp-json\/wp\/v2\/posts\/703\/revisions\/705"}],"wp:attachment":[{"href":"https:\/\/www.odiolanavidad.es\/index.php\/wp-json\/wp\/v2\/media?parent=703"}],"wp:term":[{"taxonomy":"category","embeddable":true,"href":"https:\/\/www.odiolanavidad.es\/index.php\/wp-json\/wp\/v2\/categories?post=703"},{"taxonomy":"post_tag","embeddable":true,"href":"https:\/\/www.odiolanavidad.es\/index.php\/wp-json\/wp\/v2\/tags?post=703"}],"curies":[{"name":"wp","href":"https:\/\/api.w.org\/{rel}","templated":true}]}}