{"id":706,"date":"2014-12-20T21:17:04","date_gmt":"2014-12-20T21:17:04","guid":{"rendered":"https:\/\/www.odiolanavidad.es\/?p=706"},"modified":"2020-11-14T21:27:37","modified_gmt":"2020-11-14T21:27:37","slug":"luces-y-crisis-ii-2","status":"publish","type":"post","link":"https:\/\/www.odiolanavidad.es\/index.php\/2014\/12\/20\/luces-y-crisis-ii-2\/","title":{"rendered":"Luces y crisis (II)"},"content":{"rendered":"\n<p>La boca es de lo m\u00e1s castigado, dice una amiga, cuando se mete la pata por hablar demasiado. En este caso demasiado pronto, porque miren que tambi\u00e9n con luces LED se pueden hacer horteradas y exageraciones. Lo de la moderaci\u00f3n venida de la crisis, no vayan a creer, debe ser apenas en alg\u00fan lugar. Juzguen sino a la vista de la foto que adjunto m\u00e1s abajo, tomada en la pucelan\u00edsima calle Manter\u00eda.<\/p>\n\n\n\n<figure class=\"wp-block-image size-large\"><img loading=\"lazy\" decoding=\"async\" width=\"800\" height=\"600\" src=\"https:\/\/www.odiolanavidad.es\/wp-content\/uploads\/2020\/11\/led-exagerados.jpg\" alt=\"Luces en la calle Manter\u00eda de Valladolid\" class=\"wp-image-707\" srcset=\"https:\/\/www.odiolanavidad.es\/wp-content\/uploads\/2020\/11\/led-exagerados.jpg 800w, https:\/\/www.odiolanavidad.es\/wp-content\/uploads\/2020\/11\/led-exagerados-300x225.jpg 300w, https:\/\/www.odiolanavidad.es\/wp-content\/uploads\/2020\/11\/led-exagerados-768x576.jpg 768w\" sizes=\"auto, (max-width: 767px) 89vw, (max-width: 1000px) 54vw, (max-width: 1071px) 543px, 580px\" \/><\/figure>\n","protected":false},"excerpt":{"rendered":"<p>La boca es de lo m\u00e1s castigado, dice una amiga, cuando se mete la pata por hablar demasiado. En este caso demasiado pronto, porque miren que tambi\u00e9n con luces LED se pueden hacer horteradas y exageraciones. Lo de la moderaci\u00f3n venida de la crisis, no vayan a creer, debe ser apenas en alg\u00fan lugar. Juzguen &hellip; <\/p>\n<p class=\"link-more\"><a href=\"https:\/\/www.odiolanavidad.es\/index.php\/2014\/12\/20\/luces-y-crisis-ii-2\/\" class=\"more-link\">Continuar leyendo<span class=\"screen-reader-text\"> \u00abLuces y crisis (II)\u00bb<\/span><\/a><\/p>\n","protected":false},"author":1,"featured_media":0,"comment_status":"open","ping_status":"open","sticky":false,"template":"","format":"standard","meta":{"footnotes":""},"categories":[16],"tags":[28,33],"class_list":["post-706","post","type-post","status-publish","format-standard","hentry","category-2014-2015","tag-crisis","tag-eleeciones"],"_links":{"self":[{"href":"https:\/\/www.odiolanavidad.es\/index.php\/wp-json\/wp\/v2\/posts\/706","targetHints":{"allow":["GET"]}}],"collection":[{"href":"https:\/\/www.odiolanavidad.es\/index.php\/wp-json\/wp\/v2\/posts"}],"about":[{"href":"https:\/\/www.odiolanavidad.es\/index.php\/wp-json\/wp\/v2\/types\/post"}],"author":[{"embeddable":true,"href":"https:\/\/www.odiolanavidad.es\/index.php\/wp-json\/wp\/v2\/users\/1"}],"replies":[{"embeddable":true,"href":"https:\/\/www.odiolanavidad.es\/index.php\/wp-json\/wp\/v2\/comments?post=706"}],"version-history":[{"count":1,"href":"https:\/\/www.odiolanavidad.es\/index.php\/wp-json\/wp\/v2\/posts\/706\/revisions"}],"predecessor-version":[{"id":708,"href":"https:\/\/www.odiolanavidad.es\/index.php\/wp-json\/wp\/v2\/posts\/706\/revisions\/708"}],"wp:attachment":[{"href":"https:\/\/www.odiolanavidad.es\/index.php\/wp-json\/wp\/v2\/media?parent=706"}],"wp:term":[{"taxonomy":"category","embeddable":true,"href":"https:\/\/www.odiolanavidad.es\/index.php\/wp-json\/wp\/v2\/categories?post=706"},{"taxonomy":"post_tag","embeddable":true,"href":"https:\/\/www.odiolanavidad.es\/index.php\/wp-json\/wp\/v2\/tags?post=706"}],"curies":[{"name":"wp","href":"https:\/\/api.w.org\/{rel}","templated":true}]}}