{"id":709,"date":"2014-12-22T21:55:09","date_gmt":"2014-12-22T21:55:09","guid":{"rendered":"https:\/\/www.odiolanavidad.es\/?p=709"},"modified":"2020-11-14T21:30:04","modified_gmt":"2020-11-14T21:30:04","slug":"maniqui-hortera","status":"publish","type":"post","link":"https:\/\/www.odiolanavidad.es\/index.php\/2014\/12\/22\/maniqui-hortera\/","title":{"rendered":"Maniqu\u00ed hortera"},"content":{"rendered":"\n<p>De horteras est\u00e1 el mundo lleno. Observen como muestra la cabeza del maniqu\u00ed que ha sido decorada con motivos navide\u00f1os con algo menos que escaso gusto: con ninguno. Y eso que se trata de una tienda de post\u00edn (que dec\u00eda mi abuela) del centro de Salamanca, de la calle Bientocadas, si no me acuerdo mal. La gente lo hace con buena intenci\u00f3n, joder, pero tienen peor gusto que los chinos y los yanquis juntos (que ya es decir). Si la cabeza del maniqu\u00ed les parece poco, vean la falda de plumas de la derecha, que no tiene desperdicio.<\/p>\n\n\n\n<figure class=\"wp-block-image size-large\"><img loading=\"lazy\" decoding=\"async\" width=\"800\" height=\"585\" src=\"https:\/\/www.odiolanavidad.es\/wp-content\/uploads\/2020\/11\/maniqui-hortera-calle-bientocadas.jpg\" alt=\"Maniqu\u00ed hortera en tienda de Salamanca\" class=\"wp-image-710\" srcset=\"https:\/\/www.odiolanavidad.es\/wp-content\/uploads\/2020\/11\/maniqui-hortera-calle-bientocadas.jpg 800w, https:\/\/www.odiolanavidad.es\/wp-content\/uploads\/2020\/11\/maniqui-hortera-calle-bientocadas-300x219.jpg 300w, https:\/\/www.odiolanavidad.es\/wp-content\/uploads\/2020\/11\/maniqui-hortera-calle-bientocadas-768x562.jpg 768w\" sizes=\"auto, (max-width: 767px) 89vw, (max-width: 1000px) 54vw, (max-width: 1071px) 543px, 580px\" \/><\/figure>\n","protected":false},"excerpt":{"rendered":"<p>De horteras est\u00e1 el mundo lleno. Observen como muestra la cabeza del maniqu\u00ed que ha sido decorada con motivos navide\u00f1os con algo menos que escaso gusto: con ninguno. Y eso que se trata de una tienda de post\u00edn (que dec\u00eda mi abuela) del centro de Salamanca, de la calle Bientocadas, si no me acuerdo mal. &hellip; <\/p>\n<p class=\"link-more\"><a href=\"https:\/\/www.odiolanavidad.es\/index.php\/2014\/12\/22\/maniqui-hortera\/\" class=\"more-link\">Continuar leyendo<span class=\"screen-reader-text\"> \u00abManiqu\u00ed hortera\u00bb<\/span><\/a><\/p>\n","protected":false},"author":1,"featured_media":0,"comment_status":"open","ping_status":"open","sticky":false,"template":"","format":"standard","meta":{"footnotes":""},"categories":[16],"tags":[35,34],"class_list":["post-709","post","type-post","status-publish","format-standard","hentry","category-2014-2015","tag-hortera","tag-maniqui"],"_links":{"self":[{"href":"https:\/\/www.odiolanavidad.es\/index.php\/wp-json\/wp\/v2\/posts\/709","targetHints":{"allow":["GET"]}}],"collection":[{"href":"https:\/\/www.odiolanavidad.es\/index.php\/wp-json\/wp\/v2\/posts"}],"about":[{"href":"https:\/\/www.odiolanavidad.es\/index.php\/wp-json\/wp\/v2\/types\/post"}],"author":[{"embeddable":true,"href":"https:\/\/www.odiolanavidad.es\/index.php\/wp-json\/wp\/v2\/users\/1"}],"replies":[{"embeddable":true,"href":"https:\/\/www.odiolanavidad.es\/index.php\/wp-json\/wp\/v2\/comments?post=709"}],"version-history":[{"count":1,"href":"https:\/\/www.odiolanavidad.es\/index.php\/wp-json\/wp\/v2\/posts\/709\/revisions"}],"predecessor-version":[{"id":711,"href":"https:\/\/www.odiolanavidad.es\/index.php\/wp-json\/wp\/v2\/posts\/709\/revisions\/711"}],"wp:attachment":[{"href":"https:\/\/www.odiolanavidad.es\/index.php\/wp-json\/wp\/v2\/media?parent=709"}],"wp:term":[{"taxonomy":"category","embeddable":true,"href":"https:\/\/www.odiolanavidad.es\/index.php\/wp-json\/wp\/v2\/categories?post=709"},{"taxonomy":"post_tag","embeddable":true,"href":"https:\/\/www.odiolanavidad.es\/index.php\/wp-json\/wp\/v2\/tags?post=709"}],"curies":[{"name":"wp","href":"https:\/\/api.w.org\/{rel}","templated":true}]}}