{"id":752,"date":"2014-01-01T18:17:52","date_gmt":"2014-01-01T18:17:52","guid":{"rendered":"https:\/\/www.odiolanavidad.es\/?p=752"},"modified":"2020-11-27T21:41:54","modified_gmt":"2020-11-27T21:41:54","slug":"ya-queda-menos-2","status":"publish","type":"post","link":"https:\/\/www.odiolanavidad.es\/index.php\/2014\/01\/01\/ya-queda-menos-2\/","title":{"rendered":"\u00a1Ya queda menos!"},"content":{"rendered":"\n<p>Es en d\u00edas como este en que uno se hace cuenta de hasta qu\u00e9 punto hace falta el anti-monarquismo, o sea, acabar con todos los reyes. Los magos los primeros por la tremenda verg\u00fcenza que deber\u00eda darnos enga\u00f1ar ni\u00f1os. Los regentes (o figurantes) por lo que suponen de anacronismo, de gasto y de carga social, am\u00e9n de injusticia.<\/p>\n\n\n\n<p>Es en estos d\u00edas, queridos y abnegados lectores, en los que el s\u00f3lo consuelo es que la navidad como cada a\u00f1o, terminar\u00e1 y podremos disfrutar de diez u once meses de paz. \u00a1\u00c1nimo que ya queda menos!<\/p>\n","protected":false},"excerpt":{"rendered":"<p>Es en d\u00edas como este en que uno se hace cuenta de hasta qu\u00e9 punto hace falta el anti-monarquismo, o sea, acabar con todos los reyes. Los magos los primeros por la tremenda verg\u00fcenza que deber\u00eda darnos enga\u00f1ar ni\u00f1os. Los regentes (o figurantes) por lo que suponen de anacronismo, de gasto y de carga social, &hellip; <\/p>\n<p class=\"link-more\"><a href=\"https:\/\/www.odiolanavidad.es\/index.php\/2014\/01\/01\/ya-queda-menos-2\/\" class=\"more-link\">Continuar leyendo<span class=\"screen-reader-text\"> \u00ab\u00a1Ya queda menos!\u00bb<\/span><\/a><\/p>\n","protected":false},"author":1,"featured_media":0,"comment_status":"open","ping_status":"open","sticky":false,"template":"","format":"standard","meta":{"footnotes":""},"categories":[15],"tags":[248,100],"class_list":["post-752","post","type-post","status-publish","format-standard","hentry","category-2013-2014","tag-final","tag-reyes"],"_links":{"self":[{"href":"https:\/\/www.odiolanavidad.es\/index.php\/wp-json\/wp\/v2\/posts\/752","targetHints":{"allow":["GET"]}}],"collection":[{"href":"https:\/\/www.odiolanavidad.es\/index.php\/wp-json\/wp\/v2\/posts"}],"about":[{"href":"https:\/\/www.odiolanavidad.es\/index.php\/wp-json\/wp\/v2\/types\/post"}],"author":[{"embeddable":true,"href":"https:\/\/www.odiolanavidad.es\/index.php\/wp-json\/wp\/v2\/users\/1"}],"replies":[{"embeddable":true,"href":"https:\/\/www.odiolanavidad.es\/index.php\/wp-json\/wp\/v2\/comments?post=752"}],"version-history":[{"count":1,"href":"https:\/\/www.odiolanavidad.es\/index.php\/wp-json\/wp\/v2\/posts\/752\/revisions"}],"predecessor-version":[{"id":753,"href":"https:\/\/www.odiolanavidad.es\/index.php\/wp-json\/wp\/v2\/posts\/752\/revisions\/753"}],"wp:attachment":[{"href":"https:\/\/www.odiolanavidad.es\/index.php\/wp-json\/wp\/v2\/media?parent=752"}],"wp:term":[{"taxonomy":"category","embeddable":true,"href":"https:\/\/www.odiolanavidad.es\/index.php\/wp-json\/wp\/v2\/categories?post=752"},{"taxonomy":"post_tag","embeddable":true,"href":"https:\/\/www.odiolanavidad.es\/index.php\/wp-json\/wp\/v2\/tags?post=752"}],"curies":[{"name":"wp","href":"https:\/\/api.w.org\/{rel}","templated":true}]}}