{"id":821,"date":"2020-11-24T11:46:56","date_gmt":"2020-11-24T11:46:56","guid":{"rendered":"https:\/\/www.odiolanavidad.es\/?p=821"},"modified":"2020-11-24T11:46:56","modified_gmt":"2020-11-24T11:46:56","slug":"las-tripas-del-engendro","status":"publish","type":"post","link":"https:\/\/www.odiolanavidad.es\/index.php\/2020\/11\/24\/las-tripas-del-engendro\/","title":{"rendered":"Las tripas del engendro"},"content":{"rendered":"\n<p>Si el \u00abregalito\u00bb luminoso que decora la plaza mayor de Salamanca este a\u00f1o es espantoso por la noche, no vean uds. -o mejor dicho vean uds.- lo horrible que es de d\u00eda. Como no est\u00e1n encendidas las lucecitas (aunque lo estuviesen no se apreciar\u00eda) queda a la vista el entramado met\u00e1lico que sustenta el chisme y sus diferentes partes. Sin duda alguna un gran elemento decorativo del que el propio Churriguera estar\u00eda orgulloso y, quiz\u00e1, incorporar\u00eda \u00abde serie\u00bb (que se dice ahora), un armatoste similar en cada nueva construcci\u00f3n. Al fin y al cabo los arquitectos de estas \u00faltimas d\u00e9cadas tienen un gusto similarmente espantoso, as\u00ed que no me extra\u00f1ar\u00eda ni un pelito.<\/p>\n\n\n\n<figure class=\"wp-block-image size-large\"><img loading=\"lazy\" decoding=\"async\" width=\"1024\" height=\"634\" src=\"https:\/\/www.odiolanavidad.es\/wp-content\/uploads\/2020\/11\/plaza-mayor-engendro-de-dia-1024x634.jpg\" alt=\"Engendro luminoso de la plaza mayor de Salamanca visto de d\u00eda\" class=\"wp-image-822\" srcset=\"https:\/\/www.odiolanavidad.es\/wp-content\/uploads\/2020\/11\/plaza-mayor-engendro-de-dia-1024x634.jpg 1024w, https:\/\/www.odiolanavidad.es\/wp-content\/uploads\/2020\/11\/plaza-mayor-engendro-de-dia-300x186.jpg 300w, https:\/\/www.odiolanavidad.es\/wp-content\/uploads\/2020\/11\/plaza-mayor-engendro-de-dia-768x476.jpg 768w, https:\/\/www.odiolanavidad.es\/wp-content\/uploads\/2020\/11\/plaza-mayor-engendro-de-dia-1536x951.jpg 1536w, https:\/\/www.odiolanavidad.es\/wp-content\/uploads\/2020\/11\/plaza-mayor-engendro-de-dia.jpg 1600w\" sizes=\"auto, (max-width: 767px) 89vw, (max-width: 1000px) 54vw, (max-width: 1071px) 543px, 580px\" \/><\/figure>\n\n\n\n<p>Ya pondr\u00e9 a su disposici\u00f3n una foto del cacharro encendido para que se vea c\u00f3mo se puede malograr una obra de arte. Me atrevo a pensar que hasta \u00abLa gioconda\u00bb con un marco de pl\u00e1stico verde chill\u00f3n, por poner un caso, entrar\u00eda dentro de los ejemplos similares.<\/p>\n","protected":false},"excerpt":{"rendered":"<p>Si el \u00abregalito\u00bb luminoso que decora la plaza mayor de Salamanca este a\u00f1o es espantoso por la noche, no vean uds. -o mejor dicho vean uds.- lo horrible que es de d\u00eda. Como no est\u00e1n encendidas las lucecitas (aunque lo estuviesen no se apreciar\u00eda) queda a la vista el entramado met\u00e1lico que sustenta el chisme &hellip; <\/p>\n<p class=\"link-more\"><a href=\"https:\/\/www.odiolanavidad.es\/index.php\/2020\/11\/24\/las-tripas-del-engendro\/\" class=\"more-link\">Continuar leyendo<span class=\"screen-reader-text\"> \u00abLas tripas del engendro\u00bb<\/span><\/a><\/p>\n","protected":false},"author":1,"featured_media":0,"comment_status":"open","ping_status":"open","sticky":false,"template":"","format":"standard","meta":{"footnotes":""},"categories":[11],"tags":[86,88],"class_list":["post-821","post","type-post","status-publish","format-standard","hentry","category-2020-2021","tag-engendro-luminoso","tag-salamanca"],"_links":{"self":[{"href":"https:\/\/www.odiolanavidad.es\/index.php\/wp-json\/wp\/v2\/posts\/821","targetHints":{"allow":["GET"]}}],"collection":[{"href":"https:\/\/www.odiolanavidad.es\/index.php\/wp-json\/wp\/v2\/posts"}],"about":[{"href":"https:\/\/www.odiolanavidad.es\/index.php\/wp-json\/wp\/v2\/types\/post"}],"author":[{"embeddable":true,"href":"https:\/\/www.odiolanavidad.es\/index.php\/wp-json\/wp\/v2\/users\/1"}],"replies":[{"embeddable":true,"href":"https:\/\/www.odiolanavidad.es\/index.php\/wp-json\/wp\/v2\/comments?post=821"}],"version-history":[{"count":2,"href":"https:\/\/www.odiolanavidad.es\/index.php\/wp-json\/wp\/v2\/posts\/821\/revisions"}],"predecessor-version":[{"id":893,"href":"https:\/\/www.odiolanavidad.es\/index.php\/wp-json\/wp\/v2\/posts\/821\/revisions\/893"}],"wp:attachment":[{"href":"https:\/\/www.odiolanavidad.es\/index.php\/wp-json\/wp\/v2\/media?parent=821"}],"wp:term":[{"taxonomy":"category","embeddable":true,"href":"https:\/\/www.odiolanavidad.es\/index.php\/wp-json\/wp\/v2\/categories?post=821"},{"taxonomy":"post_tag","embeddable":true,"href":"https:\/\/www.odiolanavidad.es\/index.php\/wp-json\/wp\/v2\/tags?post=821"}],"curies":[{"name":"wp","href":"https:\/\/api.w.org\/{rel}","templated":true}]}}