{"id":88,"date":"2008-12-15T08:04:35","date_gmt":"2008-12-15T08:04:35","guid":{"rendered":"https:\/\/www.odiolanavidad.es\/?p=88"},"modified":"2021-03-22T19:24:31","modified_gmt":"2021-03-22T19:24:31","slug":"bolas-y-carambolas","status":"publish","type":"post","link":"https:\/\/www.odiolanavidad.es\/index.php\/2008\/12\/15\/bolas-y-carambolas\/","title":{"rendered":"Bolas y carambolas"},"content":{"rendered":"<p>El ayuntamiento de Valladolid en connivencia con unas asociaciones no s\u00f3lo tienen el mal gusto de llenar las calles de lucecitas espantosas (con el gasto que supone y lo feo e in\u00fatil del acto) sino que adem\u00e1s se regodean en ello con otra vuelta de tuerca: la publicaci\u00f3n de carteles a todo color anunciadores del evento. Otro gasto est\u00fapido, in\u00fatil y de consecuencias ecol\u00f3gicas nefastas. Vamos, una carambola. En su descargo decir que el cartel, al menos, no es feo como las putas luces.<\/p>\n\n\n<figure class=\"wp-block-image size-large\"><img loading=\"lazy\" decoding=\"async\" width=\"706\" height=\"1024\" src=\"https:\/\/www.odiolanavidad.es\/wp-content\/uploads\/2019\/12\/iluminamos_la_ciudad-706x1024.jpg\" alt=\"Iluminamos la ciudad\" class=\"wp-image-379\" srcset=\"https:\/\/www.odiolanavidad.es\/wp-content\/uploads\/2019\/12\/iluminamos_la_ciudad-706x1024.jpg 706w, https:\/\/www.odiolanavidad.es\/wp-content\/uploads\/2019\/12\/iluminamos_la_ciudad-207x300.jpg 207w, https:\/\/www.odiolanavidad.es\/wp-content\/uploads\/2019\/12\/iluminamos_la_ciudad-768x1113.jpg 768w, https:\/\/www.odiolanavidad.es\/wp-content\/uploads\/2019\/12\/iluminamos_la_ciudad-1060x1536.jpg 1060w, https:\/\/www.odiolanavidad.es\/wp-content\/uploads\/2019\/12\/iluminamos_la_ciudad-1413x2048.jpg 1413w, https:\/\/www.odiolanavidad.es\/wp-content\/uploads\/2019\/12\/iluminamos_la_ciudad-scaled.jpg 1766w\" sizes=\"auto, (max-width: 706px) 100vw, 706px\" \/><figcaption>Iluminamos la ciudad<\/figcaption><\/figure>\n","protected":false},"excerpt":{"rendered":"<p>El ayuntamiento de Valladolid en connivencia con unas asociaciones no s\u00f3lo tienen el mal gusto de llenar las calles de lucecitas espantosas (con el gasto que supone y lo feo e in\u00fatil del acto) sino que adem\u00e1s se regodean en ello con otra vuelta de tuerca: la publicaci\u00f3n de carteles a todo color anunciadores del &hellip; <\/p>\n<p class=\"link-more\"><a href=\"https:\/\/www.odiolanavidad.es\/index.php\/2008\/12\/15\/bolas-y-carambolas\/\" class=\"more-link\">Continuar leyendo<span class=\"screen-reader-text\"> \u00abBolas y carambolas\u00bb<\/span><\/a><\/p>\n","protected":false},"author":1,"featured_media":0,"comment_status":"open","ping_status":"open","sticky":false,"template":"","format":"standard","meta":{"footnotes":""},"categories":[8],"tags":[117,165,13,48],"class_list":["post-88","post","type-post","status-publish","format-standard","hentry","category-2008-2009","tag-bolas","tag-carteles","tag-luces","tag-valladolid"],"_links":{"self":[{"href":"https:\/\/www.odiolanavidad.es\/index.php\/wp-json\/wp\/v2\/posts\/88","targetHints":{"allow":["GET"]}}],"collection":[{"href":"https:\/\/www.odiolanavidad.es\/index.php\/wp-json\/wp\/v2\/posts"}],"about":[{"href":"https:\/\/www.odiolanavidad.es\/index.php\/wp-json\/wp\/v2\/types\/post"}],"author":[{"embeddable":true,"href":"https:\/\/www.odiolanavidad.es\/index.php\/wp-json\/wp\/v2\/users\/1"}],"replies":[{"embeddable":true,"href":"https:\/\/www.odiolanavidad.es\/index.php\/wp-json\/wp\/v2\/comments?post=88"}],"version-history":[{"count":5,"href":"https:\/\/www.odiolanavidad.es\/index.php\/wp-json\/wp\/v2\/posts\/88\/revisions"}],"predecessor-version":[{"id":1101,"href":"https:\/\/www.odiolanavidad.es\/index.php\/wp-json\/wp\/v2\/posts\/88\/revisions\/1101"}],"wp:attachment":[{"href":"https:\/\/www.odiolanavidad.es\/index.php\/wp-json\/wp\/v2\/media?parent=88"}],"wp:term":[{"taxonomy":"category","embeddable":true,"href":"https:\/\/www.odiolanavidad.es\/index.php\/wp-json\/wp\/v2\/categories?post=88"},{"taxonomy":"post_tag","embeddable":true,"href":"https:\/\/www.odiolanavidad.es\/index.php\/wp-json\/wp\/v2\/tags?post=88"}],"curies":[{"name":"wp","href":"https:\/\/api.w.org\/{rel}","templated":true}]}}