{"id":889,"date":"2020-12-02T22:39:17","date_gmt":"2020-12-02T22:39:17","guid":{"rendered":"https:\/\/www.odiolanavidad.es\/?p=889"},"modified":"2021-03-22T19:25:19","modified_gmt":"2021-03-22T19:25:19","slug":"mejorar-lo-inmejorable","status":"publish","type":"post","link":"https:\/\/www.odiolanavidad.es\/index.php\/2020\/12\/02\/mejorar-lo-inmejorable\/","title":{"rendered":"Mejorar lo inmejorable"},"content":{"rendered":"\n<p>Adornar la plaza mayor de Salamanca es un burdo intento de hacer lo que el t\u00edtulo anuncia \u00abmejorar lo inmejorable\u00bb. Ay, plaza mayor de Salamanca, pobre destino aguantas muchos d\u00edas al a\u00f1o con adefesios que afean tu est\u00e9tica barroca: casetas, reposteros, colorines, terrazas, sombrillas, lucecitas y alg\u00fan escenario. En conjunto aquellos que quieran disfrutar de la est\u00e9tica original de la plaza lo tienen bastante crudo. Quiz\u00e1 haya que elaborar un calendario de plaza \u00ablibre de obst\u00e1culos\u00bb para que los visitantes puedan venir (cuando San Covid lo permita) y gozar de la sensaci\u00f3n contemplativa que Churriguera perge\u00f1\u00f3.<\/p>\n\n\n\n<p>Si el otro d\u00eda les mostraba la horrenda visi\u00f3n del <a href=\"https:\/\/www.odiolanavidad.es\/index.php\/2020\/11\/24\/las-tripas-del-engendro\/\" target=\"_blank\" rel=\"noreferrer noopener\">super-paquete a la luz del d\u00eda<\/a>, hoy les traigo el engendro citado en horas nocturnas. Horrible e hiriente igualmente. Pena, penita, pena.<\/p>\n\n\n\n<figure class=\"wp-block-image size-large\"><img loading=\"lazy\" decoding=\"async\" width=\"1024\" height=\"706\" src=\"https:\/\/www.odiolanavidad.es\/wp-content\/uploads\/2020\/12\/plaza-mayor-engendro-de-noche-1024x706.jpg\" alt=\"Engendro luminoso en la plaza mayor de Salamanca\" class=\"wp-image-892\" srcset=\"https:\/\/www.odiolanavidad.es\/wp-content\/uploads\/2020\/12\/plaza-mayor-engendro-de-noche-1024x706.jpg 1024w, https:\/\/www.odiolanavidad.es\/wp-content\/uploads\/2020\/12\/plaza-mayor-engendro-de-noche-300x207.jpg 300w, https:\/\/www.odiolanavidad.es\/wp-content\/uploads\/2020\/12\/plaza-mayor-engendro-de-noche-768x530.jpg 768w, https:\/\/www.odiolanavidad.es\/wp-content\/uploads\/2020\/12\/plaza-mayor-engendro-de-noche-1536x1060.jpg 1536w, https:\/\/www.odiolanavidad.es\/wp-content\/uploads\/2020\/12\/plaza-mayor-engendro-de-noche.jpg 1741w\" sizes=\"auto, (max-width: 767px) 89vw, (max-width: 1000px) 54vw, (max-width: 1071px) 543px, 580px\" \/><\/figure>\n","protected":false},"excerpt":{"rendered":"<p>Adornar la plaza mayor de Salamanca es un burdo intento de hacer lo que el t\u00edtulo anuncia \u00abmejorar lo inmejorable\u00bb. Ay, plaza mayor de Salamanca, pobre destino aguantas muchos d\u00edas al a\u00f1o con adefesios que afean tu est\u00e9tica barroca: casetas, reposteros, colorines, terrazas, sombrillas, lucecitas y alg\u00fan escenario. En conjunto aquellos que quieran disfrutar de &hellip; <\/p>\n<p class=\"link-more\"><a href=\"https:\/\/www.odiolanavidad.es\/index.php\/2020\/12\/02\/mejorar-lo-inmejorable\/\" class=\"more-link\">Continuar leyendo<span class=\"screen-reader-text\"> \u00abMejorar lo inmejorable\u00bb<\/span><\/a><\/p>\n","protected":false},"author":1,"featured_media":0,"comment_status":"open","ping_status":"open","sticky":false,"template":"","format":"standard","meta":{"footnotes":""},"categories":[11],"tags":[31,87],"class_list":["post-889","post","type-post","status-publish","format-standard","hentry","category-2020-2021","tag-led","tag-plaza-mayor"],"_links":{"self":[{"href":"https:\/\/www.odiolanavidad.es\/index.php\/wp-json\/wp\/v2\/posts\/889","targetHints":{"allow":["GET"]}}],"collection":[{"href":"https:\/\/www.odiolanavidad.es\/index.php\/wp-json\/wp\/v2\/posts"}],"about":[{"href":"https:\/\/www.odiolanavidad.es\/index.php\/wp-json\/wp\/v2\/types\/post"}],"author":[{"embeddable":true,"href":"https:\/\/www.odiolanavidad.es\/index.php\/wp-json\/wp\/v2\/users\/1"}],"replies":[{"embeddable":true,"href":"https:\/\/www.odiolanavidad.es\/index.php\/wp-json\/wp\/v2\/comments?post=889"}],"version-history":[{"count":2,"href":"https:\/\/www.odiolanavidad.es\/index.php\/wp-json\/wp\/v2\/posts\/889\/revisions"}],"predecessor-version":[{"id":1234,"href":"https:\/\/www.odiolanavidad.es\/index.php\/wp-json\/wp\/v2\/posts\/889\/revisions\/1234"}],"wp:attachment":[{"href":"https:\/\/www.odiolanavidad.es\/index.php\/wp-json\/wp\/v2\/media?parent=889"}],"wp:term":[{"taxonomy":"category","embeddable":true,"href":"https:\/\/www.odiolanavidad.es\/index.php\/wp-json\/wp\/v2\/categories?post=889"},{"taxonomy":"post_tag","embeddable":true,"href":"https:\/\/www.odiolanavidad.es\/index.php\/wp-json\/wp\/v2\/tags?post=889"}],"curies":[{"name":"wp","href":"https:\/\/api.w.org\/{rel}","templated":true}]}}