{"id":933,"date":"2020-12-15T17:43:38","date_gmt":"2020-12-15T17:43:38","guid":{"rendered":"https:\/\/www.odiolanavidad.es\/?p=933"},"modified":"2020-12-16T21:26:08","modified_gmt":"2020-12-16T21:26:08","slug":"de-la-serie-yo-la-tengo-mas-grande","status":"publish","type":"post","link":"https:\/\/www.odiolanavidad.es\/index.php\/2020\/12\/15\/de-la-serie-yo-la-tengo-mas-grande\/","title":{"rendered":"De la serie \u00abyo la tengo m\u00e1s grande\u00bb"},"content":{"rendered":"\n<p>El af\u00e1n de destacar, de significarse, es uno de los puntos de referencia de los seres humanos, tanto masculinas como femeninos.* Ni los curas se libran de ese ansia por ser \u00ablo m\u00e1s\u00bb. El caso que les presento es la decoraci\u00f3n de un edificio religioso existente en el paraje llamado por los bejarano \u00abEl casta\u00f1ar\u00bb por motivos bastante obvios. El edificio en cuesti\u00f3n fue -y quiz\u00e1 sigue siendo- un seminario. A alguno se le ocurri\u00f3 la feliz idea de hacer una decoraci\u00f3n que se viese desde la lontananza del pueblo para que el vulgo llano no se olvide de sus deberes para con los divinos y con sus ac\u00f3litos. Fue hecha hace varios a\u00f1o, no s\u00e9 decirles pero rondar\u00e1 la d\u00e9cada, con una tira de LED en la fachada del edificio que mira al pueblo (no metaf\u00f3ricamente) y es visible desde un par de kil\u00f3metros.<\/p>\n\n\n\n<p>Me he acercado por all\u00ed estos d\u00edas para hacer la foto que se puede ver m\u00e1s abajo, tanto de d\u00eda como de noche, en la que se puede apreciar el tama\u00f1o de la decoraci\u00f3n. Por supuesto no la retiran pasadas estas fechas, es m\u00e1s f\u00e1cil dejarla de a\u00f1o en a\u00f1o -sin encender claro est\u00e1- que andar armando el tinglado cada navidad.<\/p>\n\n\n\n<p>Cabe destacar -por si no lo han notado- que el motivo de la decoraci\u00f3n (un arbolito, perd\u00f3n arbolazo) es m\u00e1s bien as\u00e9ptico por no decir pagano, teniendo en cuenta la consideraci\u00f3n que algunas religiones anteriores al cristianismo ten\u00edan por los \u00e1rboles.<\/p>\n\n\n\n<figure class=\"wp-block-image size-large\"><img loading=\"lazy\" decoding=\"async\" width=\"1024\" height=\"765\" src=\"https:\/\/www.odiolanavidad.es\/wp-content\/uploads\/2020\/12\/decoracion-seminario-el-castanhar-1024x765.jpg\" alt=\"\" class=\"wp-image-934\" srcset=\"https:\/\/www.odiolanavidad.es\/wp-content\/uploads\/2020\/12\/decoracion-seminario-el-castanhar-1024x765.jpg 1024w, https:\/\/www.odiolanavidad.es\/wp-content\/uploads\/2020\/12\/decoracion-seminario-el-castanhar-300x224.jpg 300w, https:\/\/www.odiolanavidad.es\/wp-content\/uploads\/2020\/12\/decoracion-seminario-el-castanhar-768x574.jpg 768w, https:\/\/www.odiolanavidad.es\/wp-content\/uploads\/2020\/12\/decoracion-seminario-el-castanhar.jpg 1415w\" sizes=\"auto, (max-width: 767px) 89vw, (max-width: 1000px) 54vw, (max-width: 1071px) 543px, 580px\" \/><\/figure>\n\n\n\n<ul class=\"wp-block-list\"><li>* No se trata de un error tipogr\u00e1fico sino de una pataleta que de vez en cuando me da. Es mi manera de protestar contra machistas y feministas.<\/li><\/ul>\n","protected":false},"excerpt":{"rendered":"<p>El af\u00e1n de destacar, de significarse, es uno de los puntos de referencia de los seres humanos, tanto masculinas como femeninos.* Ni los curas se libran de ese ansia por ser \u00ablo m\u00e1s\u00bb. El caso que les presento es la decoraci\u00f3n de un edificio religioso existente en el paraje llamado por los bejarano \u00abEl casta\u00f1ar\u00bb &hellip; <\/p>\n<p class=\"link-more\"><a href=\"https:\/\/www.odiolanavidad.es\/index.php\/2020\/12\/15\/de-la-serie-yo-la-tengo-mas-grande\/\" class=\"more-link\">Continuar leyendo<span class=\"screen-reader-text\"> \u00abDe la serie \u00abyo la tengo m\u00e1s grande\u00bb\u00bb<\/span><\/a><\/p>\n","protected":false},"author":1,"featured_media":0,"comment_status":"open","ping_status":"open","sticky":false,"template":"","format":"standard","meta":{"footnotes":""},"categories":[11],"tags":[344,346,345],"class_list":["post-933","post","type-post","status-publish","format-standard","hentry","category-2020-2021","tag-arbol-navidad-luces","tag-castanar","tag-seminario"],"_links":{"self":[{"href":"https:\/\/www.odiolanavidad.es\/index.php\/wp-json\/wp\/v2\/posts\/933","targetHints":{"allow":["GET"]}}],"collection":[{"href":"https:\/\/www.odiolanavidad.es\/index.php\/wp-json\/wp\/v2\/posts"}],"about":[{"href":"https:\/\/www.odiolanavidad.es\/index.php\/wp-json\/wp\/v2\/types\/post"}],"author":[{"embeddable":true,"href":"https:\/\/www.odiolanavidad.es\/index.php\/wp-json\/wp\/v2\/users\/1"}],"replies":[{"embeddable":true,"href":"https:\/\/www.odiolanavidad.es\/index.php\/wp-json\/wp\/v2\/comments?post=933"}],"version-history":[{"count":3,"href":"https:\/\/www.odiolanavidad.es\/index.php\/wp-json\/wp\/v2\/posts\/933\/revisions"}],"predecessor-version":[{"id":939,"href":"https:\/\/www.odiolanavidad.es\/index.php\/wp-json\/wp\/v2\/posts\/933\/revisions\/939"}],"wp:attachment":[{"href":"https:\/\/www.odiolanavidad.es\/index.php\/wp-json\/wp\/v2\/media?parent=933"}],"wp:term":[{"taxonomy":"category","embeddable":true,"href":"https:\/\/www.odiolanavidad.es\/index.php\/wp-json\/wp\/v2\/categories?post=933"},{"taxonomy":"post_tag","embeddable":true,"href":"https:\/\/www.odiolanavidad.es\/index.php\/wp-json\/wp\/v2\/tags?post=933"}],"curies":[{"name":"wp","href":"https:\/\/api.w.org\/{rel}","templated":true}]}}