{"id":97,"date":"2009-01-09T17:46:05","date_gmt":"2009-01-09T17:46:05","guid":{"rendered":"https:\/\/www.odiolanavidad.es\/?p=97"},"modified":"2021-03-22T19:24:41","modified_gmt":"2021-03-22T19:24:41","slug":"mas-madera","status":"publish","type":"post","link":"https:\/\/www.odiolanavidad.es\/index.php\/2009\/01\/09\/mas-madera\/","title":{"rendered":"\u00a1M\u00e1s madera!"},"content":{"rendered":"\n<p>Si el otro d\u00eda habl\u00e1bamos de las <a href=\"https:\/\/www.odiolanavidad.es\/joomla\/index.php?option=com_content&amp;task=view&amp;id=26&amp;Itemid=30\" target=\"_blank\" rel=\"noreferrer noopener\">megaloman\u00edas <\/a>lo  hac\u00edamos con conocimiento de causa. Resulta que cierto vecino del Paseo  de Canalejas 156 el a\u00f1o pasado puso un papanoel motero sobre una moto  tama\u00f1o natural (una Harley, se dir\u00eda por la foto) en el balc\u00f3n de su  casa, un segundo piso.<\/p>\n\n\n\n<p>Pregunta: \u00bfc\u00f3mo, co\u00f1o, ha subido el tipo la moto hasta el segundo? Misterio.<\/p>\n\n\n\n<figure class=\"wp-block-image size-large\"><img loading=\"lazy\" decoding=\"async\" width=\"1024\" height=\"768\" src=\"https:\/\/www.odiolanavidad.es\/wp-content\/uploads\/2019\/12\/balcon_canalejas_1-1024x768.jpg\" alt=\"Papa noel motorista\" class=\"wp-image-367\" srcset=\"https:\/\/www.odiolanavidad.es\/wp-content\/uploads\/2019\/12\/balcon_canalejas_1-1024x768.jpg 1024w, https:\/\/www.odiolanavidad.es\/wp-content\/uploads\/2019\/12\/balcon_canalejas_1-300x225.jpg 300w, https:\/\/www.odiolanavidad.es\/wp-content\/uploads\/2019\/12\/balcon_canalejas_1-768x576.jpg 768w, https:\/\/www.odiolanavidad.es\/wp-content\/uploads\/2019\/12\/balcon_canalejas_1-1536x1152.jpg 1536w, https:\/\/www.odiolanavidad.es\/wp-content\/uploads\/2019\/12\/balcon_canalejas_1.jpg 1600w\" sizes=\"auto, (max-width: 767px) 89vw, (max-width: 1000px) 54vw, (max-width: 1071px) 543px, 580px\" \/><figcaption>Papa noel motorista<\/figcaption><\/figure>\n\n\n\n<p><\/p>\n\n\n\n<p>Misterio, por cierto, el que ha colocado este a\u00f1o en el balc\u00f3n principal, relegando al motero al del chafl\u00e1n. Tambi\u00e9n de tama\u00f1o natural las figuritas, con su casita, sus lucecitas (las del misterio, que del due\u00f1o lo dudo) y toda la parafernalia incluida luz parpadeante para llamar la atenci\u00f3n. La verdad que yo no s\u00e9 ustedes, pero me pregunto con qu\u00e9 nos sorprender\u00e1 el a\u00f1o que viene. <\/p>\n\n\n\n<p><\/p>\n\n\n\n<figure class=\"wp-block-image size-large\"><img loading=\"lazy\" decoding=\"async\" width=\"1024\" height=\"768\" src=\"https:\/\/www.odiolanavidad.es\/wp-content\/uploads\/2019\/12\/balcon_canalejas_2-1024x768.jpg\" alt=\"Bel\u00e9n en un balc\u00f3n\" class=\"wp-image-369\" srcset=\"https:\/\/www.odiolanavidad.es\/wp-content\/uploads\/2019\/12\/balcon_canalejas_2-1024x768.jpg 1024w, https:\/\/www.odiolanavidad.es\/wp-content\/uploads\/2019\/12\/balcon_canalejas_2-300x225.jpg 300w, https:\/\/www.odiolanavidad.es\/wp-content\/uploads\/2019\/12\/balcon_canalejas_2-768x576.jpg 768w, https:\/\/www.odiolanavidad.es\/wp-content\/uploads\/2019\/12\/balcon_canalejas_2-1536x1152.jpg 1536w, https:\/\/www.odiolanavidad.es\/wp-content\/uploads\/2019\/12\/balcon_canalejas_2.jpg 1600w\" sizes=\"auto, (max-width: 767px) 89vw, (max-width: 1000px) 54vw, (max-width: 1071px) 543px, 580px\" \/><figcaption>Bel\u00e9n en un balc\u00f3n<\/figcaption><\/figure>\n","protected":false},"excerpt":{"rendered":"<p>Si el otro d\u00eda habl\u00e1bamos de las megaloman\u00edas lo hac\u00edamos con conocimiento de causa. Resulta que cierto vecino del Paseo de Canalejas 156 el a\u00f1o pasado puso un papanoel motero sobre una moto tama\u00f1o natural (una Harley, se dir\u00eda por la foto) en el balc\u00f3n de su casa, un segundo piso. Pregunta: \u00bfc\u00f3mo, co\u00f1o, ha &hellip; <\/p>\n<p class=\"link-more\"><a href=\"https:\/\/www.odiolanavidad.es\/index.php\/2009\/01\/09\/mas-madera\/\" class=\"more-link\">Continuar leyendo<span class=\"screen-reader-text\"> \u00ab\u00a1M\u00e1s madera!\u00bb<\/span><\/a><\/p>\n","protected":false},"author":1,"featured_media":0,"comment_status":"open","ping_status":"open","sticky":false,"template":"","format":"standard","meta":{"footnotes":""},"categories":[8],"tags":[169,166,168,167,101,88],"class_list":["post-97","post","type-post","status-publish","format-standard","hentry","category-2008-2009","tag-balcon","tag-megalomania","tag-motero","tag-moto","tag-papa-noel-2","tag-salamanca"],"_links":{"self":[{"href":"https:\/\/www.odiolanavidad.es\/index.php\/wp-json\/wp\/v2\/posts\/97","targetHints":{"allow":["GET"]}}],"collection":[{"href":"https:\/\/www.odiolanavidad.es\/index.php\/wp-json\/wp\/v2\/posts"}],"about":[{"href":"https:\/\/www.odiolanavidad.es\/index.php\/wp-json\/wp\/v2\/types\/post"}],"author":[{"embeddable":true,"href":"https:\/\/www.odiolanavidad.es\/index.php\/wp-json\/wp\/v2\/users\/1"}],"replies":[{"embeddable":true,"href":"https:\/\/www.odiolanavidad.es\/index.php\/wp-json\/wp\/v2\/comments?post=97"}],"version-history":[{"count":7,"href":"https:\/\/www.odiolanavidad.es\/index.php\/wp-json\/wp\/v2\/posts\/97\/revisions"}],"predecessor-version":[{"id":1108,"href":"https:\/\/www.odiolanavidad.es\/index.php\/wp-json\/wp\/v2\/posts\/97\/revisions\/1108"}],"wp:attachment":[{"href":"https:\/\/www.odiolanavidad.es\/index.php\/wp-json\/wp\/v2\/media?parent=97"}],"wp:term":[{"taxonomy":"category","embeddable":true,"href":"https:\/\/www.odiolanavidad.es\/index.php\/wp-json\/wp\/v2\/categories?post=97"},{"taxonomy":"post_tag","embeddable":true,"href":"https:\/\/www.odiolanavidad.es\/index.php\/wp-json\/wp\/v2\/tags?post=97"}],"curies":[{"name":"wp","href":"https:\/\/api.w.org\/{rel}","templated":true}]}}